  {"id":34233,"date":"2026-04-14T09:41:16","date_gmt":"2026-04-14T13:41:16","guid":{"rendered":"https:\/\/www.yorku.ca\/alumniandfriends\/?p=34233"},"modified":"2026-04-14T13:29:10","modified_gmt":"2026-04-14T17:29:10","slug":"alison-pratt-iba-20","status":"publish","type":"post","link":"https:\/\/www.yorku.ca\/alumniandfriends\/2026\/04\/alison-pratt-iba-20\/","title":{"rendered":"Alison Pratt (IBA \u201920)"},"content":{"rendered":"\n<p><em>La version fran\u00e7aise suit la version anglaise.<\/em><\/p>\n\n\n<div class=\"wp-block-image\">\n<figure class=\"alignright size-full is-resized\"><img loading=\"lazy\" decoding=\"async\" width=\"800\" height=\"800\" src=\"https:\/\/www.yorku.ca\/alumniandfriends\/wp-content\/uploads\/sites\/66\/2026\/04\/Alison-Pratt-Headshot_.jpg\" alt=\"\" class=\"wp-image-34049\" style=\"width:354px\" srcset=\"https:\/\/www.yorku.ca\/alumniandfriends\/wp-content\/uploads\/sites\/66\/2026\/04\/Alison-Pratt-Headshot_.jpg 800w, https:\/\/www.yorku.ca\/alumniandfriends\/wp-content\/uploads\/sites\/66\/2026\/04\/Alison-Pratt-Headshot_-300x300.jpg 300w, https:\/\/www.yorku.ca\/alumniandfriends\/wp-content\/uploads\/sites\/66\/2026\/04\/Alison-Pratt-Headshot_-150x150.jpg 150w\" sizes=\"auto, (max-width: 800px) 100vw, 800px\" \/><\/figure>\n<\/div>\n\n\n<p>Alison Pratt is a dedicated Canadian diplomat who has turned her ambition for equity into action. As part of IRCC\u2019s Foreign Service Development Program, she has completed overseas training in Abu Dhabi and a full posting in Ho Chi Minh City and is now serving in Cairo as a migration officer. In each location, she navigates sensitive immigration and visa cases, ensuring fairness, applying cultural sensitivity, and helping people whose lives hinge on these decisions. Outside government work, Alison gives back to the community. She served on the board of\u00a0VoiceFound, advocating for survivors of human trafficking and exploitation. She also volunteered as a settlement assistant to guide newcomers in settling in Canada, and she continues her long-term commitment as a curriculum researcher with Planting Seeds International, building inclusive educational materials for communities in Guatemala.\u00a0<\/p>\n\n\n\n<hr class=\"wp-block-separator has-alpha-channel-opacity\"\/>\n\n\n\n<p>Alison Pratt est une diplomate canadienne qui a concr\u00e9tis\u00e9 ses ambitions en mati\u00e8re d\u2019\u00e9quit\u00e9. Dans le cadre du programme de d\u00e9veloppement du service ext\u00e9rieur d\u2019IRCC, elle a suivi une formation \u00e0 Abu Dhabi, a \u00e9t\u00e9 affect\u00e9e \u00e0 H\u00f4 Chi Minh-Ville. Elle s\u2019occupe de dossiers d\u00e9licats en mati\u00e8re d\u2019immigration et de visas, en accordant une importance particuli\u00e8re \u00e0 l\u2019\u00e9quit\u00e9, en tenant compte des r\u00e9alit\u00e9s culturelles et en aidant les personnes pour qui ces d\u00e9cisions sont cruciales. Au-del\u00e0 de son travail au gouvernement, Mme Pratt s\u2019investit dans la communaut\u00e9. Elle a si\u00e9g\u00e9 au conseil d\u2019administration de&nbsp;VoiceFound, qui d\u00e9fend les personnes survivantes de la traite et de l\u2019exploitation d\u2019\u00eatres humains. Elle a \u00e9galement \u00e9t\u00e9 b\u00e9n\u00e9vole en tant qu\u2019assistante d\u2019int\u00e9gration pour aider les nouveaux arrivants \u00e0 s\u2019installer au Canada. Par ailleurs, elle poursuit son engagement \u00e0 long terme en tant que chercheuse de programmes d\u2019\u00e9tudes aupr\u00e8s de&nbsp;Planting&nbsp;Seeds&nbsp;International, en \u00e9laborant du mat\u00e9riel \u00e9ducatif inclusif pour les communaut\u00e9s du Guatemala.&nbsp;<\/p>\n\n\n\n<p><\/p>\n\n\n\n<div style=\"height:22px\" aria-hidden=\"true\" class=\"wp-block-spacer\"><\/div>\n\n\n\n<p><\/p>\n","protected":false},"excerpt":{"rendered":"<p>La version fran\u00e7aise suit la version anglaise. Alison Pratt is a dedicated Canadian diplomat who has turned her ambition for equity into action. As part of IRCC\u2019s Foreign Service Development Program, she has completed overseas training in Abu Dhabi and a full posting in Ho Chi Minh City and is now serving in Cairo as [&hellip;]<\/p>\n","protected":false},"author":1457,"featured_media":0,"comment_status":"closed","ping_status":"closed","sticky":false,"template":"","format":"standard","meta":{"_kad_blocks_custom_css":"","_kad_blocks_head_custom_js":"","_kad_blocks_body_custom_js":"","_kad_blocks_footer_custom_js":"","footnotes":""},"categories":[1],"tags":[],"class_list":["post-34233","post","type-post","status-publish","format-standard","hentry","category-uncategorized"],"yoast_head":"<!-- This site is optimized with the Yoast SEO plugin v27.4 - https:\/\/yoast.com\/product\/yoast-seo-wordpress\/ -->\n<title>Alison Pratt (IBA \u201920) - Division of Advancement - Alumni and Friends<\/title>\n<meta name=\"robots\" content=\"index, follow, max-snippet:-1, max-image-preview:large, max-video-preview:-1\" \/>\n<link rel=\"canonical\" href=\"https:\/\/www.yorku.ca\/alumniandfriends\/2026\/04\/alison-pratt-iba-20\/\" \/>\n<meta property=\"og:locale\" content=\"en_US\" \/>\n<meta property=\"og:type\" content=\"article\" \/>\n<meta property=\"og:title\" content=\"Alison Pratt (IBA \u201920) - Division of Advancement - Alumni and Friends\" \/>\n<meta property=\"og:description\" content=\"La version fran\u00e7aise suit la version anglaise. Alison Pratt is a dedicated Canadian diplomat who has turned her ambition for equity into action. As part of IRCC\u2019s Foreign Service Development Program, she has completed overseas training in Abu Dhabi and a full posting in Ho Chi Minh City and is now serving in Cairo as [&hellip;]\" \/>\n<meta property=\"og:url\" content=\"https:\/\/www.yorku.ca\/alumniandfriends\/2026\/04\/alison-pratt-iba-20\/\" \/>\n<meta property=\"og:site_name\" content=\"Division of Advancement - Alumni and Friends\" \/>\n<meta property=\"article:published_time\" content=\"2026-04-14T13:41:16+00:00\" \/>\n<meta property=\"article:modified_time\" content=\"2026-04-14T17:29:10+00:00\" \/>\n<meta property=\"og:image\" content=\"https:\/\/www.yorku.ca\/alumniandfriends\/wp-content\/uploads\/sites\/66\/2026\/04\/Alison-Pratt-Headshot_.jpg\" \/>\n\t<meta property=\"og:image:width\" content=\"800\" \/>\n\t<meta property=\"og:image:height\" content=\"800\" \/>\n\t<meta property=\"og:image:type\" content=\"image\/jpeg\" \/>\n<meta name=\"author\" content=\"mj112\" \/>\n<meta name=\"twitter:card\" content=\"summary_large_image\" \/>\n<meta name=\"twitter:label1\" content=\"Written by\" \/>\n\t<meta name=\"twitter:data1\" content=\"mj112\" \/>\n\t<meta name=\"twitter:label2\" content=\"Est. reading time\" \/>\n\t<meta name=\"twitter:data2\" content=\"2 minutes\" \/>\n<script type=\"application\/ld+json\" class=\"yoast-schema-graph\">{\"@context\":\"https:\\\/\\\/schema.org\",\"@graph\":[{\"@type\":\"Article\",\"@id\":\"https:\\\/\\\/www.yorku.ca\\\/alumniandfriends\\\/2026\\\/04\\\/alison-pratt-iba-20\\\/#article\",\"isPartOf\":{\"@id\":\"https:\\\/\\\/www.yorku.ca\\\/alumniandfriends\\\/2026\\\/04\\\/alison-pratt-iba-20\\\/\"},\"author\":{\"name\":\"mj112\",\"@id\":\"https:\\\/\\\/www.yorku.ca\\\/alumniandfriends\\\/#\\\/schema\\\/person\\\/6808599a9e819a2b600b9813032e52a4\"},\"headline\":\"Alison Pratt (IBA \u201920)\",\"datePublished\":\"2026-04-14T13:41:16+00:00\",\"dateModified\":\"2026-04-14T17:29:10+00:00\",\"mainEntityOfPage\":{\"@id\":\"https:\\\/\\\/www.yorku.ca\\\/alumniandfriends\\\/2026\\\/04\\\/alison-pratt-iba-20\\\/\"},\"wordCount\":337,\"image\":{\"@id\":\"https:\\\/\\\/www.yorku.ca\\\/alumniandfriends\\\/2026\\\/04\\\/alison-pratt-iba-20\\\/#primaryimage\"},\"thumbnailUrl\":\"https:\\\/\\\/www.yorku.ca\\\/alumniandfriends\\\/wp-content\\\/uploads\\\/sites\\\/66\\\/2026\\\/04\\\/Alison-Pratt-Headshot_.jpg\",\"inLanguage\":\"en-CA\"},{\"@type\":\"WebPage\",\"@id\":\"https:\\\/\\\/www.yorku.ca\\\/alumniandfriends\\\/2026\\\/04\\\/alison-pratt-iba-20\\\/\",\"url\":\"https:\\\/\\\/www.yorku.ca\\\/alumniandfriends\\\/2026\\\/04\\\/alison-pratt-iba-20\\\/\",\"name\":\"Alison Pratt (IBA \u201920) - Division of Advancement - Alumni and Friends\",\"isPartOf\":{\"@id\":\"https:\\\/\\\/www.yorku.ca\\\/alumniandfriends\\\/#website\"},\"primaryImageOfPage\":{\"@id\":\"https:\\\/\\\/www.yorku.ca\\\/alumniandfriends\\\/2026\\\/04\\\/alison-pratt-iba-20\\\/#primaryimage\"},\"image\":{\"@id\":\"https:\\\/\\\/www.yorku.ca\\\/alumniandfriends\\\/2026\\\/04\\\/alison-pratt-iba-20\\\/#primaryimage\"},\"thumbnailUrl\":\"https:\\\/\\\/www.yorku.ca\\\/alumniandfriends\\\/wp-content\\\/uploads\\\/sites\\\/66\\\/2026\\\/04\\\/Alison-Pratt-Headshot_.jpg\",\"datePublished\":\"2026-04-14T13:41:16+00:00\",\"dateModified\":\"2026-04-14T17:29:10+00:00\",\"author\":{\"@id\":\"https:\\\/\\\/www.yorku.ca\\\/alumniandfriends\\\/#\\\/schema\\\/person\\\/6808599a9e819a2b600b9813032e52a4\"},\"breadcrumb\":{\"@id\":\"https:\\\/\\\/www.yorku.ca\\\/alumniandfriends\\\/2026\\\/04\\\/alison-pratt-iba-20\\\/#breadcrumb\"},\"inLanguage\":\"en-CA\",\"potentialAction\":[{\"@type\":\"ReadAction\",\"target\":[\"https:\\\/\\\/www.yorku.ca\\\/alumniandfriends\\\/2026\\\/04\\\/alison-pratt-iba-20\\\/\"]}]},{\"@type\":\"ImageObject\",\"inLanguage\":\"en-CA\",\"@id\":\"https:\\\/\\\/www.yorku.ca\\\/alumniandfriends\\\/2026\\\/04\\\/alison-pratt-iba-20\\\/#primaryimage\",\"url\":\"https:\\\/\\\/www.yorku.ca\\\/alumniandfriends\\\/wp-content\\\/uploads\\\/sites\\\/66\\\/2026\\\/04\\\/Alison-Pratt-Headshot_.jpg\",\"contentUrl\":\"https:\\\/\\\/www.yorku.ca\\\/alumniandfriends\\\/wp-content\\\/uploads\\\/sites\\\/66\\\/2026\\\/04\\\/Alison-Pratt-Headshot_.jpg\",\"width\":800,\"height\":800},{\"@type\":\"BreadcrumbList\",\"@id\":\"https:\\\/\\\/www.yorku.ca\\\/alumniandfriends\\\/2026\\\/04\\\/alison-pratt-iba-20\\\/#breadcrumb\",\"itemListElement\":[{\"@type\":\"ListItem\",\"position\":1,\"name\":\"Home\",\"item\":\"https:\\\/\\\/www.yorku.ca\\\/alumniandfriends\\\/\"},{\"@type\":\"ListItem\",\"position\":2,\"name\":\"Alison Pratt (IBA \u201920)\"}]},{\"@type\":\"WebSite\",\"@id\":\"https:\\\/\\\/www.yorku.ca\\\/alumniandfriends\\\/#website\",\"url\":\"https:\\\/\\\/www.yorku.ca\\\/alumniandfriends\\\/\",\"name\":\"Division of Advancement - Alumni and Friends\",\"description\":\"Meet, stay connected and get involved\",\"potentialAction\":[{\"@type\":\"SearchAction\",\"target\":{\"@type\":\"EntryPoint\",\"urlTemplate\":\"https:\\\/\\\/www.yorku.ca\\\/alumniandfriends\\\/?s={search_term_string}\"},\"query-input\":{\"@type\":\"PropertyValueSpecification\",\"valueRequired\":true,\"valueName\":\"search_term_string\"}}],\"inLanguage\":\"en-CA\"},{\"@type\":\"Person\",\"@id\":\"https:\\\/\\\/www.yorku.ca\\\/alumniandfriends\\\/#\\\/schema\\\/person\\\/6808599a9e819a2b600b9813032e52a4\",\"name\":\"mj112\",\"image\":{\"@type\":\"ImageObject\",\"inLanguage\":\"en-CA\",\"@id\":\"https:\\\/\\\/secure.gravatar.com\\\/avatar\\\/2926f90ed748da9d09b86e7ba0518df405762c3cc5f556511eb9ab6696b76406?s=96&d=mm&r=g\",\"url\":\"https:\\\/\\\/secure.gravatar.com\\\/avatar\\\/2926f90ed748da9d09b86e7ba0518df405762c3cc5f556511eb9ab6696b76406?s=96&d=mm&r=g\",\"contentUrl\":\"https:\\\/\\\/secure.gravatar.com\\\/avatar\\\/2926f90ed748da9d09b86e7ba0518df405762c3cc5f556511eb9ab6696b76406?s=96&d=mm&r=g\",\"caption\":\"mj112\"},\"url\":\"https:\\\/\\\/www.yorku.ca\\\/alumniandfriends\\\/author\\\/mj112\\\/\"}]}<\/script>\n<!-- \/ Yoast SEO plugin. -->","yoast_head_json":{"title":"Alison Pratt (IBA \u201920) - Division of Advancement - Alumni and Friends","robots":{"index":"index","follow":"follow","max-snippet":"max-snippet:-1","max-image-preview":"max-image-preview:large","max-video-preview":"max-video-preview:-1"},"canonical":"https:\/\/www.yorku.ca\/alumniandfriends\/2026\/04\/alison-pratt-iba-20\/","og_locale":"en_US","og_type":"article","og_title":"Alison Pratt (IBA \u201920) - Division of Advancement - Alumni and Friends","og_description":"La version fran\u00e7aise suit la version anglaise. Alison Pratt is a dedicated Canadian diplomat who has turned her ambition for equity into action. As part of IRCC\u2019s Foreign Service Development Program, she has completed overseas training in Abu Dhabi and a full posting in Ho Chi Minh City and is now serving in Cairo as [&hellip;]","og_url":"https:\/\/www.yorku.ca\/alumniandfriends\/2026\/04\/alison-pratt-iba-20\/","og_site_name":"Division of Advancement - Alumni and Friends","article_published_time":"2026-04-14T13:41:16+00:00","article_modified_time":"2026-04-14T17:29:10+00:00","og_image":[{"width":800,"height":800,"url":"https:\/\/www.yorku.ca\/alumniandfriends\/wp-content\/uploads\/sites\/66\/2026\/04\/Alison-Pratt-Headshot_.jpg","type":"image\/jpeg"}],"author":"mj112","twitter_card":"summary_large_image","twitter_misc":{"Written by":"mj112","Est. reading time":"2 minutes"},"schema":{"@context":"https:\/\/schema.org","@graph":[{"@type":"Article","@id":"https:\/\/www.yorku.ca\/alumniandfriends\/2026\/04\/alison-pratt-iba-20\/#article","isPartOf":{"@id":"https:\/\/www.yorku.ca\/alumniandfriends\/2026\/04\/alison-pratt-iba-20\/"},"author":{"name":"mj112","@id":"https:\/\/www.yorku.ca\/alumniandfriends\/#\/schema\/person\/6808599a9e819a2b600b9813032e52a4"},"headline":"Alison Pratt (IBA \u201920)","datePublished":"2026-04-14T13:41:16+00:00","dateModified":"2026-04-14T17:29:10+00:00","mainEntityOfPage":{"@id":"https:\/\/www.yorku.ca\/alumniandfriends\/2026\/04\/alison-pratt-iba-20\/"},"wordCount":337,"image":{"@id":"https:\/\/www.yorku.ca\/alumniandfriends\/2026\/04\/alison-pratt-iba-20\/#primaryimage"},"thumbnailUrl":"https:\/\/www.yorku.ca\/alumniandfriends\/wp-content\/uploads\/sites\/66\/2026\/04\/Alison-Pratt-Headshot_.jpg","inLanguage":"en-CA"},{"@type":"WebPage","@id":"https:\/\/www.yorku.ca\/alumniandfriends\/2026\/04\/alison-pratt-iba-20\/","url":"https:\/\/www.yorku.ca\/alumniandfriends\/2026\/04\/alison-pratt-iba-20\/","name":"Alison Pratt (IBA \u201920) - Division of Advancement - Alumni and Friends","isPartOf":{"@id":"https:\/\/www.yorku.ca\/alumniandfriends\/#website"},"primaryImageOfPage":{"@id":"https:\/\/www.yorku.ca\/alumniandfriends\/2026\/04\/alison-pratt-iba-20\/#primaryimage"},"image":{"@id":"https:\/\/www.yorku.ca\/alumniandfriends\/2026\/04\/alison-pratt-iba-20\/#primaryimage"},"thumbnailUrl":"https:\/\/www.yorku.ca\/alumniandfriends\/wp-content\/uploads\/sites\/66\/2026\/04\/Alison-Pratt-Headshot_.jpg","datePublished":"2026-04-14T13:41:16+00:00","dateModified":"2026-04-14T17:29:10+00:00","author":{"@id":"https:\/\/www.yorku.ca\/alumniandfriends\/#\/schema\/person\/6808599a9e819a2b600b9813032e52a4"},"breadcrumb":{"@id":"https:\/\/www.yorku.ca\/alumniandfriends\/2026\/04\/alison-pratt-iba-20\/#breadcrumb"},"inLanguage":"en-CA","potentialAction":[{"@type":"ReadAction","target":["https:\/\/www.yorku.ca\/alumniandfriends\/2026\/04\/alison-pratt-iba-20\/"]}]},{"@type":"ImageObject","inLanguage":"en-CA","@id":"https:\/\/www.yorku.ca\/alumniandfriends\/2026\/04\/alison-pratt-iba-20\/#primaryimage","url":"https:\/\/www.yorku.ca\/alumniandfriends\/wp-content\/uploads\/sites\/66\/2026\/04\/Alison-Pratt-Headshot_.jpg","contentUrl":"https:\/\/www.yorku.ca\/alumniandfriends\/wp-content\/uploads\/sites\/66\/2026\/04\/Alison-Pratt-Headshot_.jpg","width":800,"height":800},{"@type":"BreadcrumbList","@id":"https:\/\/www.yorku.ca\/alumniandfriends\/2026\/04\/alison-pratt-iba-20\/#breadcrumb","itemListElement":[{"@type":"ListItem","position":1,"name":"Home","item":"https:\/\/www.yorku.ca\/alumniandfriends\/"},{"@type":"ListItem","position":2,"name":"Alison Pratt (IBA \u201920)"}]},{"@type":"WebSite","@id":"https:\/\/www.yorku.ca\/alumniandfriends\/#website","url":"https:\/\/www.yorku.ca\/alumniandfriends\/","name":"Division of Advancement - Alumni and Friends","description":"Meet, stay connected and get involved","potentialAction":[{"@type":"SearchAction","target":{"@type":"EntryPoint","urlTemplate":"https:\/\/www.yorku.ca\/alumniandfriends\/?s={search_term_string}"},"query-input":{"@type":"PropertyValueSpecification","valueRequired":true,"valueName":"search_term_string"}}],"inLanguage":"en-CA"},{"@type":"Person","@id":"https:\/\/www.yorku.ca\/alumniandfriends\/#\/schema\/person\/6808599a9e819a2b600b9813032e52a4","name":"mj112","image":{"@type":"ImageObject","inLanguage":"en-CA","@id":"https:\/\/secure.gravatar.com\/avatar\/2926f90ed748da9d09b86e7ba0518df405762c3cc5f556511eb9ab6696b76406?s=96&d=mm&r=g","url":"https:\/\/secure.gravatar.com\/avatar\/2926f90ed748da9d09b86e7ba0518df405762c3cc5f556511eb9ab6696b76406?s=96&d=mm&r=g","contentUrl":"https:\/\/secure.gravatar.com\/avatar\/2926f90ed748da9d09b86e7ba0518df405762c3cc5f556511eb9ab6696b76406?s=96&d=mm&r=g","caption":"mj112"},"url":"https:\/\/www.yorku.ca\/alumniandfriends\/author\/mj112\/"}]}},"taxonomy_info":{"category":[{"value":1,"label":"Uncategorized"}]},"featured_image_src_large":false,"author_info":{"display_name":"mj112","author_link":"https:\/\/www.yorku.ca\/alumniandfriends\/author\/mj112\/"},"comment_info":"","category_info":[{"term_id":1,"name":"Uncategorized","slug":"uncategorized","term_group":0,"term_taxonomy_id":1,"taxonomy":"category","description":"","parent":0,"count":589,"filter":"raw","cat_ID":1,"category_count":589,"category_description":"","cat_name":"Uncategorized","category_nicename":"uncategorized","category_parent":0}],"tag_info":false,"_links":{"self":[{"href":"https:\/\/www.yorku.ca\/alumniandfriends\/wp-json\/wp\/v2\/posts\/34233","targetHints":{"allow":["GET"]}}],"collection":[{"href":"https:\/\/www.yorku.ca\/alumniandfriends\/wp-json\/wp\/v2\/posts"}],"about":[{"href":"https:\/\/www.yorku.ca\/alumniandfriends\/wp-json\/wp\/v2\/types\/post"}],"author":[{"embeddable":true,"href":"https:\/\/www.yorku.ca\/alumniandfriends\/wp-json\/wp\/v2\/users\/1457"}],"replies":[{"embeddable":true,"href":"https:\/\/www.yorku.ca\/alumniandfriends\/wp-json\/wp\/v2\/comments?post=34233"}],"version-history":[{"count":4,"href":"https:\/\/www.yorku.ca\/alumniandfriends\/wp-json\/wp\/v2\/posts\/34233\/revisions"}],"predecessor-version":[{"id":34276,"href":"https:\/\/www.yorku.ca\/alumniandfriends\/wp-json\/wp\/v2\/posts\/34233\/revisions\/34276"}],"wp:attachment":[{"href":"https:\/\/www.yorku.ca\/alumniandfriends\/wp-json\/wp\/v2\/media?parent=34233"}],"wp:term":[{"taxonomy":"category","embeddable":true,"href":"https:\/\/www.yorku.ca\/alumniandfriends\/wp-json\/wp\/v2\/categories?post=34233"},{"taxonomy":"post_tag","embeddable":true,"href":"https:\/\/www.yorku.ca\/alumniandfriends\/wp-json\/wp\/v2\/tags?post=34233"}],"curies":[{"name":"wp","href":"https:\/\/api.w.org\/{rel}","templated":true}]}}