  {"id":34237,"date":"2026-04-14T09:34:07","date_gmt":"2026-04-14T13:34:07","guid":{"rendered":"https:\/\/www.yorku.ca\/alumniandfriends\/?p=34237"},"modified":"2026-04-14T09:34:09","modified_gmt":"2026-04-14T13:34:09","slug":"ahmed-gad-ba-19","status":"publish","type":"post","link":"https:\/\/www.yorku.ca\/alumniandfriends\/2026\/04\/ahmed-gad-ba-19\/","title":{"rendered":"Ahmed Gad (BA \u201919)"},"content":{"rendered":"<div class=\"wp-block-image\">\n<figure class=\"alignright size-large is-resized\"><img loading=\"lazy\" decoding=\"async\" width=\"1024\" height=\"1024\" src=\"https:\/\/www.yorku.ca\/alumniandfriends\/wp-content\/uploads\/sites\/66\/2026\/03\/Ahmed-Gad-Headshot-1024x1024.png\" alt=\"\" class=\"wp-image-33965\" style=\"width:278px;height:auto\" srcset=\"https:\/\/www.yorku.ca\/alumniandfriends\/wp-content\/uploads\/sites\/66\/2026\/03\/Ahmed-Gad-Headshot-1024x1024.png 1024w, https:\/\/www.yorku.ca\/alumniandfriends\/wp-content\/uploads\/sites\/66\/2026\/03\/Ahmed-Gad-Headshot-300x300.png 300w, https:\/\/www.yorku.ca\/alumniandfriends\/wp-content\/uploads\/sites\/66\/2026\/03\/Ahmed-Gad-Headshot-150x150.png 150w, https:\/\/www.yorku.ca\/alumniandfriends\/wp-content\/uploads\/sites\/66\/2026\/03\/Ahmed-Gad-Headshot.png 1080w\" sizes=\"auto, (max-width: 1024px) 100vw, 1024px\" \/><\/figure>\n<\/div>\n\n\n<p><em>La version fran\u00e7aise suit la version anglaise.<\/em><\/p>\n\n\n\n<p>Ahmed Gad is an international affairs professional dedicated to advancing democracy, peace, and sustainable development across the globe. He focuses on institutional strengthening, rule of law, and peace throughout the Western Hemisphere. He previously worked in the Peace and Sustainable Development Program at the International Peace Institute in New York, focusing on the localization of the 2030 Agenda in West Africa. His work addressed the intersection of youth, peace, and climate action. Ahmed credits Glendon for instilling positive values and practical skills that have shaped his career in international affairs. He continues to&nbsp;leverage&nbsp;these skills to promote greater participation and inclusion in addressing global challenges.&nbsp;<\/p>\n\n\n\n<p><\/p>\n\n\n\n<hr class=\"wp-block-separator has-alpha-channel-opacity\"\/>\n\n\n\n<p>Professionnel&nbsp;des affaires&nbsp;internationales, Ahmed Gad se&nbsp;consacre&nbsp;\u00e0 la promotion de la&nbsp;d\u00e9mocratie, de la&nbsp;paix&nbsp;et du&nbsp;d\u00e9veloppement&nbsp;durable dans le monde&nbsp;entier. Il&nbsp;s\u2019int\u00e9resse&nbsp;particuli\u00e8rement&nbsp;au&nbsp;renforcement&nbsp;des institutions, \u00e0 la&nbsp;primaut\u00e9&nbsp;du droit et \u00e0 la&nbsp;paix&nbsp;dans&nbsp;l\u2019h\u00e9misph\u00e8re&nbsp;occidental.&nbsp;Auparavant, il a&nbsp;travaill\u00e9&nbsp;pour le programme de&nbsp;paix&nbsp;et de&nbsp;d\u00e9veloppement&nbsp;durable de&nbsp;l\u2019Institut&nbsp;international pour la&nbsp;paix&nbsp;\u00e0 New York,&nbsp;en&nbsp;se&nbsp;concentrant&nbsp;sur&nbsp;l\u2019adaptation&nbsp;du Programme 2030 au&nbsp;niveau&nbsp;local&nbsp;en&nbsp;Afrique de&nbsp;l\u2019Ouest. Son travail&nbsp;portait&nbsp;sur les rapports entre jeunesse,&nbsp;paix&nbsp;et&nbsp;lutte&nbsp;contre&nbsp;le changement&nbsp;climatique.&nbsp;Selon&nbsp;lui, Glendon&nbsp;lui&nbsp;a&nbsp;inculqu\u00e9&nbsp;des&nbsp;valeurs&nbsp;positives et des&nbsp;comp\u00e9tences&nbsp;pratiques qui&nbsp;ont&nbsp;fa\u00e7onn\u00e9&nbsp;sa&nbsp;carri\u00e8re&nbsp;dans les affaires&nbsp;internationales. M. Gad continue \u00e0&nbsp;mettre&nbsp;\u00e0 profit&nbsp;ces&nbsp;comp\u00e9tences&nbsp;pour encourager&nbsp;une&nbsp;plus grande participation et&nbsp;une&nbsp;meilleure&nbsp;inclusion dans la&nbsp;r\u00e9solution&nbsp;des&nbsp;d\u00e9fis&nbsp;mondiaux.&nbsp;<\/p>\n","protected":false},"excerpt":{"rendered":"<p>La version fran\u00e7aise suit la version anglaise. Ahmed Gad is an international affairs professional dedicated to advancing democracy, peace, and sustainable development across the globe. He focuses on institutional strengthening, rule of law, and peace throughout the Western Hemisphere. He previously worked in the Peace and Sustainable Development Program at the International Peace Institute in [&hellip;]<\/p>\n","protected":false},"author":1457,"featured_media":0,"comment_status":"closed","ping_status":"closed","sticky":false,"template":"","format":"standard","meta":{"_kad_blocks_custom_css":"","_kad_blocks_head_custom_js":"","_kad_blocks_body_custom_js":"","_kad_blocks_footer_custom_js":"","footnotes":""},"categories":[1],"tags":[],"class_list":["post-34237","post","type-post","status-publish","format-standard","hentry","category-uncategorized"],"yoast_head":"<!-- This site is optimized with the Yoast SEO plugin v27.4 - https:\/\/yoast.com\/product\/yoast-seo-wordpress\/ -->\n<title>Ahmed Gad (BA \u201919) - Division of Advancement - Alumni and Friends<\/title>\n<meta name=\"robots\" content=\"index, follow, max-snippet:-1, max-image-preview:large, max-video-preview:-1\" \/>\n<link rel=\"canonical\" href=\"https:\/\/www.yorku.ca\/alumniandfriends\/2026\/04\/ahmed-gad-ba-19\/\" \/>\n<meta property=\"og:locale\" content=\"en_US\" \/>\n<meta property=\"og:type\" content=\"article\" \/>\n<meta property=\"og:title\" content=\"Ahmed Gad (BA \u201919) - Division of Advancement - Alumni and Friends\" \/>\n<meta property=\"og:description\" content=\"La version fran\u00e7aise suit la version anglaise. Ahmed Gad is an international affairs professional dedicated to advancing democracy, peace, and sustainable development across the globe. He focuses on institutional strengthening, rule of law, and peace throughout the Western Hemisphere. He previously worked in the Peace and Sustainable Development Program at the International Peace Institute in [&hellip;]\" \/>\n<meta property=\"og:url\" content=\"https:\/\/www.yorku.ca\/alumniandfriends\/2026\/04\/ahmed-gad-ba-19\/\" \/>\n<meta property=\"og:site_name\" content=\"Division of Advancement - Alumni and Friends\" \/>\n<meta property=\"article:published_time\" content=\"2026-04-14T13:34:07+00:00\" \/>\n<meta property=\"article:modified_time\" content=\"2026-04-14T13:34:09+00:00\" \/>\n<meta property=\"og:image\" content=\"https:\/\/www.yorku.ca\/alumniandfriends\/wp-content\/uploads\/sites\/66\/2026\/03\/Ahmed-Gad-Headshot.png\" \/>\n\t<meta property=\"og:image:width\" content=\"1080\" \/>\n\t<meta property=\"og:image:height\" content=\"1080\" \/>\n\t<meta property=\"og:image:type\" content=\"image\/png\" \/>\n<meta name=\"author\" content=\"mj112\" \/>\n<meta name=\"twitter:card\" content=\"summary_large_image\" \/>\n<meta name=\"twitter:label1\" content=\"Written by\" \/>\n\t<meta name=\"twitter:data1\" content=\"mj112\" \/>\n\t<meta name=\"twitter:label2\" content=\"Est. reading time\" \/>\n\t<meta name=\"twitter:data2\" content=\"2 minutes\" \/>\n<script type=\"application\/ld+json\" class=\"yoast-schema-graph\">{\"@context\":\"https:\\\/\\\/schema.org\",\"@graph\":[{\"@type\":\"Article\",\"@id\":\"https:\\\/\\\/www.yorku.ca\\\/alumniandfriends\\\/2026\\\/04\\\/ahmed-gad-ba-19\\\/#article\",\"isPartOf\":{\"@id\":\"https:\\\/\\\/www.yorku.ca\\\/alumniandfriends\\\/2026\\\/04\\\/ahmed-gad-ba-19\\\/\"},\"author\":{\"name\":\"mj112\",\"@id\":\"https:\\\/\\\/www.yorku.ca\\\/alumniandfriends\\\/#\\\/schema\\\/person\\\/6808599a9e819a2b600b9813032e52a4\"},\"headline\":\"Ahmed Gad (BA \u201919)\",\"datePublished\":\"2026-04-14T13:34:07+00:00\",\"dateModified\":\"2026-04-14T13:34:09+00:00\",\"mainEntityOfPage\":{\"@id\":\"https:\\\/\\\/www.yorku.ca\\\/alumniandfriends\\\/2026\\\/04\\\/ahmed-gad-ba-19\\\/\"},\"wordCount\":355,\"image\":{\"@id\":\"https:\\\/\\\/www.yorku.ca\\\/alumniandfriends\\\/2026\\\/04\\\/ahmed-gad-ba-19\\\/#primaryimage\"},\"thumbnailUrl\":\"https:\\\/\\\/www.yorku.ca\\\/alumniandfriends\\\/wp-content\\\/uploads\\\/sites\\\/66\\\/2026\\\/03\\\/Ahmed-Gad-Headshot-1024x1024.png\",\"inLanguage\":\"en-CA\"},{\"@type\":\"WebPage\",\"@id\":\"https:\\\/\\\/www.yorku.ca\\\/alumniandfriends\\\/2026\\\/04\\\/ahmed-gad-ba-19\\\/\",\"url\":\"https:\\\/\\\/www.yorku.ca\\\/alumniandfriends\\\/2026\\\/04\\\/ahmed-gad-ba-19\\\/\",\"name\":\"Ahmed Gad (BA \u201919) - Division of Advancement - Alumni and Friends\",\"isPartOf\":{\"@id\":\"https:\\\/\\\/www.yorku.ca\\\/alumniandfriends\\\/#website\"},\"primaryImageOfPage\":{\"@id\":\"https:\\\/\\\/www.yorku.ca\\\/alumniandfriends\\\/2026\\\/04\\\/ahmed-gad-ba-19\\\/#primaryimage\"},\"image\":{\"@id\":\"https:\\\/\\\/www.yorku.ca\\\/alumniandfriends\\\/2026\\\/04\\\/ahmed-gad-ba-19\\\/#primaryimage\"},\"thumbnailUrl\":\"https:\\\/\\\/www.yorku.ca\\\/alumniandfriends\\\/wp-content\\\/uploads\\\/sites\\\/66\\\/2026\\\/03\\\/Ahmed-Gad-Headshot-1024x1024.png\",\"datePublished\":\"2026-04-14T13:34:07+00:00\",\"dateModified\":\"2026-04-14T13:34:09+00:00\",\"author\":{\"@id\":\"https:\\\/\\\/www.yorku.ca\\\/alumniandfriends\\\/#\\\/schema\\\/person\\\/6808599a9e819a2b600b9813032e52a4\"},\"breadcrumb\":{\"@id\":\"https:\\\/\\\/www.yorku.ca\\\/alumniandfriends\\\/2026\\\/04\\\/ahmed-gad-ba-19\\\/#breadcrumb\"},\"inLanguage\":\"en-CA\",\"potentialAction\":[{\"@type\":\"ReadAction\",\"target\":[\"https:\\\/\\\/www.yorku.ca\\\/alumniandfriends\\\/2026\\\/04\\\/ahmed-gad-ba-19\\\/\"]}]},{\"@type\":\"ImageObject\",\"inLanguage\":\"en-CA\",\"@id\":\"https:\\\/\\\/www.yorku.ca\\\/alumniandfriends\\\/2026\\\/04\\\/ahmed-gad-ba-19\\\/#primaryimage\",\"url\":\"https:\\\/\\\/www.yorku.ca\\\/alumniandfriends\\\/wp-content\\\/uploads\\\/sites\\\/66\\\/2026\\\/03\\\/Ahmed-Gad-Headshot.png\",\"contentUrl\":\"https:\\\/\\\/www.yorku.ca\\\/alumniandfriends\\\/wp-content\\\/uploads\\\/sites\\\/66\\\/2026\\\/03\\\/Ahmed-Gad-Headshot.png\",\"width\":1080,\"height\":1080},{\"@type\":\"BreadcrumbList\",\"@id\":\"https:\\\/\\\/www.yorku.ca\\\/alumniandfriends\\\/2026\\\/04\\\/ahmed-gad-ba-19\\\/#breadcrumb\",\"itemListElement\":[{\"@type\":\"ListItem\",\"position\":1,\"name\":\"Home\",\"item\":\"https:\\\/\\\/www.yorku.ca\\\/alumniandfriends\\\/\"},{\"@type\":\"ListItem\",\"position\":2,\"name\":\"Ahmed Gad (BA \u201919)\"}]},{\"@type\":\"WebSite\",\"@id\":\"https:\\\/\\\/www.yorku.ca\\\/alumniandfriends\\\/#website\",\"url\":\"https:\\\/\\\/www.yorku.ca\\\/alumniandfriends\\\/\",\"name\":\"Division of Advancement - Alumni and Friends\",\"description\":\"Meet, stay connected and get involved\",\"potentialAction\":[{\"@type\":\"SearchAction\",\"target\":{\"@type\":\"EntryPoint\",\"urlTemplate\":\"https:\\\/\\\/www.yorku.ca\\\/alumniandfriends\\\/?s={search_term_string}\"},\"query-input\":{\"@type\":\"PropertyValueSpecification\",\"valueRequired\":true,\"valueName\":\"search_term_string\"}}],\"inLanguage\":\"en-CA\"},{\"@type\":\"Person\",\"@id\":\"https:\\\/\\\/www.yorku.ca\\\/alumniandfriends\\\/#\\\/schema\\\/person\\\/6808599a9e819a2b600b9813032e52a4\",\"name\":\"mj112\",\"image\":{\"@type\":\"ImageObject\",\"inLanguage\":\"en-CA\",\"@id\":\"https:\\\/\\\/secure.gravatar.com\\\/avatar\\\/2926f90ed748da9d09b86e7ba0518df405762c3cc5f556511eb9ab6696b76406?s=96&d=mm&r=g\",\"url\":\"https:\\\/\\\/secure.gravatar.com\\\/avatar\\\/2926f90ed748da9d09b86e7ba0518df405762c3cc5f556511eb9ab6696b76406?s=96&d=mm&r=g\",\"contentUrl\":\"https:\\\/\\\/secure.gravatar.com\\\/avatar\\\/2926f90ed748da9d09b86e7ba0518df405762c3cc5f556511eb9ab6696b76406?s=96&d=mm&r=g\",\"caption\":\"mj112\"},\"url\":\"https:\\\/\\\/www.yorku.ca\\\/alumniandfriends\\\/author\\\/mj112\\\/\"}]}<\/script>\n<!-- \/ Yoast SEO plugin. -->","yoast_head_json":{"title":"Ahmed Gad (BA \u201919) - Division of Advancement - Alumni and Friends","robots":{"index":"index","follow":"follow","max-snippet":"max-snippet:-1","max-image-preview":"max-image-preview:large","max-video-preview":"max-video-preview:-1"},"canonical":"https:\/\/www.yorku.ca\/alumniandfriends\/2026\/04\/ahmed-gad-ba-19\/","og_locale":"en_US","og_type":"article","og_title":"Ahmed Gad (BA \u201919) - Division of Advancement - Alumni and Friends","og_description":"La version fran\u00e7aise suit la version anglaise. Ahmed Gad is an international affairs professional dedicated to advancing democracy, peace, and sustainable development across the globe. He focuses on institutional strengthening, rule of law, and peace throughout the Western Hemisphere. He previously worked in the Peace and Sustainable Development Program at the International Peace Institute in [&hellip;]","og_url":"https:\/\/www.yorku.ca\/alumniandfriends\/2026\/04\/ahmed-gad-ba-19\/","og_site_name":"Division of Advancement - Alumni and Friends","article_published_time":"2026-04-14T13:34:07+00:00","article_modified_time":"2026-04-14T13:34:09+00:00","og_image":[{"width":1080,"height":1080,"url":"https:\/\/www.yorku.ca\/alumniandfriends\/wp-content\/uploads\/sites\/66\/2026\/03\/Ahmed-Gad-Headshot.png","type":"image\/png"}],"author":"mj112","twitter_card":"summary_large_image","twitter_misc":{"Written by":"mj112","Est. reading time":"2 minutes"},"schema":{"@context":"https:\/\/schema.org","@graph":[{"@type":"Article","@id":"https:\/\/www.yorku.ca\/alumniandfriends\/2026\/04\/ahmed-gad-ba-19\/#article","isPartOf":{"@id":"https:\/\/www.yorku.ca\/alumniandfriends\/2026\/04\/ahmed-gad-ba-19\/"},"author":{"name":"mj112","@id":"https:\/\/www.yorku.ca\/alumniandfriends\/#\/schema\/person\/6808599a9e819a2b600b9813032e52a4"},"headline":"Ahmed Gad (BA \u201919)","datePublished":"2026-04-14T13:34:07+00:00","dateModified":"2026-04-14T13:34:09+00:00","mainEntityOfPage":{"@id":"https:\/\/www.yorku.ca\/alumniandfriends\/2026\/04\/ahmed-gad-ba-19\/"},"wordCount":355,"image":{"@id":"https:\/\/www.yorku.ca\/alumniandfriends\/2026\/04\/ahmed-gad-ba-19\/#primaryimage"},"thumbnailUrl":"https:\/\/www.yorku.ca\/alumniandfriends\/wp-content\/uploads\/sites\/66\/2026\/03\/Ahmed-Gad-Headshot-1024x1024.png","inLanguage":"en-CA"},{"@type":"WebPage","@id":"https:\/\/www.yorku.ca\/alumniandfriends\/2026\/04\/ahmed-gad-ba-19\/","url":"https:\/\/www.yorku.ca\/alumniandfriends\/2026\/04\/ahmed-gad-ba-19\/","name":"Ahmed Gad (BA \u201919) - Division of Advancement - Alumni and Friends","isPartOf":{"@id":"https:\/\/www.yorku.ca\/alumniandfriends\/#website"},"primaryImageOfPage":{"@id":"https:\/\/www.yorku.ca\/alumniandfriends\/2026\/04\/ahmed-gad-ba-19\/#primaryimage"},"image":{"@id":"https:\/\/www.yorku.ca\/alumniandfriends\/2026\/04\/ahmed-gad-ba-19\/#primaryimage"},"thumbnailUrl":"https:\/\/www.yorku.ca\/alumniandfriends\/wp-content\/uploads\/sites\/66\/2026\/03\/Ahmed-Gad-Headshot-1024x1024.png","datePublished":"2026-04-14T13:34:07+00:00","dateModified":"2026-04-14T13:34:09+00:00","author":{"@id":"https:\/\/www.yorku.ca\/alumniandfriends\/#\/schema\/person\/6808599a9e819a2b600b9813032e52a4"},"breadcrumb":{"@id":"https:\/\/www.yorku.ca\/alumniandfriends\/2026\/04\/ahmed-gad-ba-19\/#breadcrumb"},"inLanguage":"en-CA","potentialAction":[{"@type":"ReadAction","target":["https:\/\/www.yorku.ca\/alumniandfriends\/2026\/04\/ahmed-gad-ba-19\/"]}]},{"@type":"ImageObject","inLanguage":"en-CA","@id":"https:\/\/www.yorku.ca\/alumniandfriends\/2026\/04\/ahmed-gad-ba-19\/#primaryimage","url":"https:\/\/www.yorku.ca\/alumniandfriends\/wp-content\/uploads\/sites\/66\/2026\/03\/Ahmed-Gad-Headshot.png","contentUrl":"https:\/\/www.yorku.ca\/alumniandfriends\/wp-content\/uploads\/sites\/66\/2026\/03\/Ahmed-Gad-Headshot.png","width":1080,"height":1080},{"@type":"BreadcrumbList","@id":"https:\/\/www.yorku.ca\/alumniandfriends\/2026\/04\/ahmed-gad-ba-19\/#breadcrumb","itemListElement":[{"@type":"ListItem","position":1,"name":"Home","item":"https:\/\/www.yorku.ca\/alumniandfriends\/"},{"@type":"ListItem","position":2,"name":"Ahmed Gad (BA \u201919)"}]},{"@type":"WebSite","@id":"https:\/\/www.yorku.ca\/alumniandfriends\/#website","url":"https:\/\/www.yorku.ca\/alumniandfriends\/","name":"Division of Advancement - Alumni and Friends","description":"Meet, stay connected and get involved","potentialAction":[{"@type":"SearchAction","target":{"@type":"EntryPoint","urlTemplate":"https:\/\/www.yorku.ca\/alumniandfriends\/?s={search_term_string}"},"query-input":{"@type":"PropertyValueSpecification","valueRequired":true,"valueName":"search_term_string"}}],"inLanguage":"en-CA"},{"@type":"Person","@id":"https:\/\/www.yorku.ca\/alumniandfriends\/#\/schema\/person\/6808599a9e819a2b600b9813032e52a4","name":"mj112","image":{"@type":"ImageObject","inLanguage":"en-CA","@id":"https:\/\/secure.gravatar.com\/avatar\/2926f90ed748da9d09b86e7ba0518df405762c3cc5f556511eb9ab6696b76406?s=96&d=mm&r=g","url":"https:\/\/secure.gravatar.com\/avatar\/2926f90ed748da9d09b86e7ba0518df405762c3cc5f556511eb9ab6696b76406?s=96&d=mm&r=g","contentUrl":"https:\/\/secure.gravatar.com\/avatar\/2926f90ed748da9d09b86e7ba0518df405762c3cc5f556511eb9ab6696b76406?s=96&d=mm&r=g","caption":"mj112"},"url":"https:\/\/www.yorku.ca\/alumniandfriends\/author\/mj112\/"}]}},"taxonomy_info":{"category":[{"value":1,"label":"Uncategorized"}]},"featured_image_src_large":false,"author_info":{"display_name":"mj112","author_link":"https:\/\/www.yorku.ca\/alumniandfriends\/author\/mj112\/"},"comment_info":"","category_info":[{"term_id":1,"name":"Uncategorized","slug":"uncategorized","term_group":0,"term_taxonomy_id":1,"taxonomy":"category","description":"","parent":0,"count":589,"filter":"raw","cat_ID":1,"category_count":589,"category_description":"","cat_name":"Uncategorized","category_nicename":"uncategorized","category_parent":0}],"tag_info":false,"_links":{"self":[{"href":"https:\/\/www.yorku.ca\/alumniandfriends\/wp-json\/wp\/v2\/posts\/34237","targetHints":{"allow":["GET"]}}],"collection":[{"href":"https:\/\/www.yorku.ca\/alumniandfriends\/wp-json\/wp\/v2\/posts"}],"about":[{"href":"https:\/\/www.yorku.ca\/alumniandfriends\/wp-json\/wp\/v2\/types\/post"}],"author":[{"embeddable":true,"href":"https:\/\/www.yorku.ca\/alumniandfriends\/wp-json\/wp\/v2\/users\/1457"}],"replies":[{"embeddable":true,"href":"https:\/\/www.yorku.ca\/alumniandfriends\/wp-json\/wp\/v2\/comments?post=34237"}],"version-history":[{"count":2,"href":"https:\/\/www.yorku.ca\/alumniandfriends\/wp-json\/wp\/v2\/posts\/34237\/revisions"}],"predecessor-version":[{"id":34239,"href":"https:\/\/www.yorku.ca\/alumniandfriends\/wp-json\/wp\/v2\/posts\/34237\/revisions\/34239"}],"wp:attachment":[{"href":"https:\/\/www.yorku.ca\/alumniandfriends\/wp-json\/wp\/v2\/media?parent=34237"}],"wp:term":[{"taxonomy":"category","embeddable":true,"href":"https:\/\/www.yorku.ca\/alumniandfriends\/wp-json\/wp\/v2\/categories?post=34237"},{"taxonomy":"post_tag","embeddable":true,"href":"https:\/\/www.yorku.ca\/alumniandfriends\/wp-json\/wp\/v2\/tags?post=34237"}],"curies":[{"name":"wp","href":"https:\/\/api.w.org\/{rel}","templated":true}]}}