  {"id":19016,"date":"2024-02-28T15:01:48","date_gmt":"2024-02-28T20:01:48","guid":{"rendered":"https:\/\/www.yorku.ca\/glendon\/?p=19016"},"modified":"2024-08-22T22:31:56","modified_gmt":"2024-08-23T02:31:56","slug":"alumni-karine-morin","status":"publish","type":"post","link":"https:\/\/www.yorku.ca\/glendon\/2024\/02\/28\/alumni-karine-morin\/?lang=fr","title":{"rendered":"Rencontrez Karine Morin (B.A. 1991 Traduction et \u00c9tudes des femmes)"},"content":{"rendered":"\n<h2 class=\"wp-block-heading\"><em><em>Fracasser les plafonds de verre pour d\u00e9fendre la justice sociale<\/em><\/em>.<\/h2>\n\n\n\n<div style=\"height:41px\" aria-hidden=\"true\" class=\"wp-block-spacer\"><\/div>\n\n\n\n<div class=\"wp-block-columns is-layout-flex wp-container-core-columns-is-layout-28f84493 wp-block-columns-is-layout-flex\">\n<div class=\"wp-block-column is-layout-flow wp-block-column-is-layout-flow\" style=\"flex-basis:33.33%\">\n<figure class=\"wp-block-image size-large\"><img loading=\"lazy\" decoding=\"async\" width=\"731\" height=\"1024\" src=\"https:\/\/www.yorku.ca\/glendon\/wp-content\/uploads\/sites\/508\/2024\/02\/Morin_MP5_9483-5x7-Head-shot-2022-1-731x1024.jpg\" alt=\"\" class=\"wp-image-19009\" srcset=\"https:\/\/www.yorku.ca\/glendon\/wp-content\/uploads\/sites\/508\/2024\/02\/Morin_MP5_9483-5x7-Head-shot-2022-1-731x1024.jpg 731w, https:\/\/www.yorku.ca\/glendon\/wp-content\/uploads\/sites\/508\/2024\/02\/Morin_MP5_9483-5x7-Head-shot-2022-1-286x400.jpg 286w, https:\/\/www.yorku.ca\/glendon\/wp-content\/uploads\/sites\/508\/2024\/02\/Morin_MP5_9483-5x7-Head-shot-2022-1-1097x1536.jpg 1097w, https:\/\/www.yorku.ca\/glendon\/wp-content\/uploads\/sites\/508\/2024\/02\/Morin_MP5_9483-5x7-Head-shot-2022-1-1463x2048.jpg 1463w, https:\/\/www.yorku.ca\/glendon\/wp-content\/uploads\/sites\/508\/2024\/02\/Morin_MP5_9483-5x7-Head-shot-2022-1.jpg 1500w\" sizes=\"auto, (max-width: 731px) 100vw, 731px\" \/><\/figure>\n<\/div>\n\n\n\n<div class=\"wp-block-column is-layout-flow wp-block-column-is-layout-flow\" style=\"flex-basis:66.66%\">\n<p><strong><em>Parcours\u00a0:<\/em><\/strong><em>\u00a0<\/em>Droit.<\/p>\n\n\n\n<p><strong><em>Titre\u00a0:\u00a0<\/em><\/strong><em>Juge de paix,\u00a0minist\u00e8re du Procureur g\u00e9n\u00e9ral<\/em>.<\/p>\n\n\n\n<div style=\"height:35px\" aria-hidden=\"true\" class=\"wp-block-spacer\"><\/div>\n\n\n\n<p>Lorsqu\u2019il s\u2019agit d\u2019aider les personnes dans le besoin, contrairement \u00e0 d\u2019autres personnes, Karine Morin n\u2019a jamais h\u00e9sit\u00e9 \u00e0 relever un d\u00e9fi, \u00e0 avoir une discussion difficile ou \u00e0 s\u2019aventurer en terrain inconnu. Depuis ses \u00e9tudes au campus Glendon jusqu\u2019au jour o\u00f9 elle est devenue la premi\u00e8re femme noire francophone nomm\u00e9e juge de paix en Ontario, elle a fi\u00e8rement incarn\u00e9 cet esprit tout au long de sa carri\u00e8re universitaire et professionnelle.&nbsp;<\/p>\n\n\n\n<div style=\"height:29px\" aria-hidden=\"true\" class=\"wp-block-spacer\"><\/div>\n\n\n\n<blockquote class=\"wp-block-quote is-layout-flow wp-block-quote-is-layout-flow\">\n<p>\u00ab\u00a0D\u00e8s mon plus jeune \u00e2ge, je me suis sentie naturellement appel\u00e9e \u00e0 d\u00e9fendre ceux et celles dont la voix doit \u00eatre entendue et m\u00e9rite de l\u2019\u00eatre, y compris la mienne, a d\u00e9clar\u00e9 Karine. Que ce soit en suivant l\u2019exemple de grands leaders comme Martin Luther King Jr. ou les sages conseils de mon p\u00e8re \u2014 selon qui tout probl\u00e8me a une solution \u2014, j\u2019ai toujours su que j\u2019avais un r\u00f4le \u00e0 jouer dans la justice sociale. Glendon m\u2019a donn\u00e9 l\u2019occasion de transformer cette passion en carri\u00e8re.\u00bb<\/p>\n<\/blockquote>\n<\/div>\n<\/div>\n\n\n\n<div style=\"height:34px\" aria-hidden=\"true\" class=\"wp-block-spacer\"><\/div>\n\n\n\n<p>Ayant grandi dans une petite ville rurale du Qu\u00e9bec, Karine est imm\u00e9diatement tomb\u00e9e amoureuse de la beaut\u00e9 naturelle du campus et a \u00e9t\u00e9 impressionn\u00e9e par sa proximit\u00e9 avec la tr\u00e9pidante m\u00e9tropole anglophone de Toronto. Par ailleurs, le profil international dynamique de Glendon \u00e9tait une r\u00e9alit\u00e9 \u00e0 laquelle elle aspirait en tant que Canadienne d\u2019origine ha\u00eftienne.<\/p>\n\n\n\n<p>\u00ab\u00a0Non seulement Glendon offrait un programme en traduction, mais sa communaut\u00e9 multiculturelle m\u2019a permis d\u2019apprendre \u00e0 conna\u00eetre des personnes issues de cultures et de pays divers et ayant des exp\u00e9riences tr\u00e8s diff\u00e9rentes des miennes, alors que je d\u00e9couvrais ma propre identit\u00e9. La possibilit\u00e9 de suivre une formation bilingue en anglais et en fran\u00e7ais a \u00e9galement constitu\u00e9 une exp\u00e9rience unique que n\u2019offraient pas d\u2019autres \u00e9tablissements et qui m\u2019a permis de me distinguer tout au long de ma carri\u00e8re.\u00bb<\/p>\n\n\n\n<p>Pendant son s\u00e9jour \u00e0 Glendon, Karine a d\u00e9montr\u00e9 l\u2019incidence de son travail initial en mati\u00e8re de justice sociale en instaurant plusieurs initiatives de d\u00e9fense des minorit\u00e9s francophones et des immigrants, en particulier des femmes. Elle a notamment organis\u00e9 la Semaine internationale de la femme, le gala annuel de la culture internationale et la premi\u00e8re conf\u00e9rence de Glendon sur la violence \u00e0 l\u2019\u00e9gard des femmes \u00e0 l\u2019intention des familles immigrantes francophones.<\/p>\n\n\n\n<p>\u00ab\u00a0Que ce soit sur le campus ou dans le monde qui nous entoure, ces femmes sont confront\u00e9es \u00e0 des d\u00e9fis immenses et uniques. Mon objectif \u00e9tait de mettre en place un espace s\u00e9curitaire o\u00f9 nous pourrions avoir des \u00e9changes ouverts et honn\u00eates sur des probl\u00e8mes r\u00e9els, o\u00f9 elles pourraient se sentir \u00e9cout\u00e9es, o\u00f9 leurs pr\u00e9occupations seraient prises au s\u00e9rieux et o\u00f9 les pistes de solutions seraient accueillies favorablement et encourag\u00e9es. Et c\u2019est Glendon qui a rendu ce type d\u2019environnement possible, \u00e0 tous les \u00e9chelons.\u00bb<\/p>\n\n\n\n<p>Karine a poursuivi ses efforts apr\u00e8s l\u2019obtention de son dipl\u00f4me, mettant sa formation, son expertise et sa passion pour la justice sociale au service d\u2019organismes bilingues comme Jeunesse, J\u2019\u00e9coute et l\u2019Oasis Centre des Femmes, ainsi que pour le Programme d\u2019aide aux victimes et aux t\u00e9moins du bureau du Procureur g\u00e9n\u00e9ral, o\u00f9 elle a particip\u00e9 au tout premier tribunal pour enfants victimes de s\u00e9vices. Aujourd\u2019hui, alors qu\u2019elle instruit quotidiennement des affaires en tant que juge de paix, elle se trouve dans une position privil\u00e9gi\u00e9e pour influencer une g\u00e9n\u00e9ration qui en a plus que jamais besoin.<\/p>\n\n\n\n<p>\u00ab\u00a0J\u2019ai toujours eu un faible pour les cas de sant\u00e9 mentale, en particulier pour nos jeunes qui sont si expos\u00e9s \u00e0 ses effets les plus dangereux, surtout depuis la pand\u00e9mie de COVID-19. De nos jours, trop de gens perdent leur identit\u00e9, voire leur vie, et il est gratifiant de savoir que mon travail peut changer les choses.\u00bb<\/p>\n\n\n\n<p>Tout en continuant \u00e0 susciter des changements positifs pour les personnes dans le besoin, Karine r\u00e9fl\u00e9chit \u00e9galement \u00e0 ce qu\u2019elle a appris en tant que pionni\u00e8re parmi les communaut\u00e9s noires et francophones dans une soci\u00e9t\u00e9 essentiellement anglophone. \u00ab\u00a0J\u2019ai d\u00e9couvert qu\u2019il est important de profiter de la vie et de toutes les occasions et possibilit\u00e9s qu\u2019elle offre. En relevant toujours les d\u00e9fis au lieu de les fuir, en particulier pendant ces ann\u00e9es formatrices, les possibilit\u00e9s sont illimit\u00e9es.\u00bb<\/p>\n\n\n\n<div style=\"height:27px\" aria-hidden=\"true\" class=\"wp-block-spacer\"><\/div>\n\n\n\n<hr class=\"wp-block-separator has-text-color has-pale-cyan-blue-color has-css-opacity has-pale-cyan-blue-background-color has-background is-style-wide\"\/>\n\n\n\n<div style=\"height:27px\" aria-hidden=\"true\" class=\"wp-block-spacer\"><\/div>\n\n\n\n<h3 class=\"wp-block-heading\"><strong>QUESTIONS EN RAFALE<\/strong><\/h3>\n\n\n\n<div style=\"height:34px\" aria-hidden=\"true\" class=\"wp-block-spacer\"><\/div>\n\n\n\n<p><em><strong><em>Quelle est votre ville pr\u00e9f\u00e9r\u00e9e au monde et pourquoi ?<\/em><\/strong><\/em><\/p>\n\n\n\n<p>Jacmel, sur la c\u00f4te sud d\u2019Ha\u00efti&nbsp;: c\u2019est ma maison. La famille de ma m\u00e8re est originaire de cette r\u00e9gion et, des montagnes \u00e0 la mer, c\u2019est un endroit incomparable.<\/p>\n\n\n\n<div style=\"height:38px\" aria-hidden=\"true\" class=\"wp-block-spacer\"><\/div>\n\n\n\n<p><em><strong>Quel est votre passe-temps favori ?<\/strong><\/em><\/p>\n\n\n\n<p>J\u2019aime la musique sous toutes ses formes, et en particulier les nombreux genres que mon p\u00e8re m\u2019a fait d\u00e9couvrir ! Qu\u2019il s\u2019agisse de Kompa, de R&amp;B, de gospel, de musique classique ou africaine, ou encore de country, de rap ou de musique rock, \u00e7a fait du bien \u00e0 l\u2019\u00e2me d\u2019\u00e9couter ces m\u00e9lodies en faisant autre chose ou assis autour d\u2019un feu.\u00a0\u00a0<\/p>\n\n\n\n<div style=\"height:38px\" aria-hidden=\"true\" class=\"wp-block-spacer\"><\/div>\n\n\n\n<p><em><strong>Si vous aviez une devise, que serait-elle ?<\/strong><\/em><\/p>\n\n\n\n<p>\u00ab\u00a0Ne faites pas tout en solo.\u00bb Tout le monde a besoin d\u2019un coup de main de temps en temps et nous ne devrions pas avoir peur de le demander.<\/p>\n\n\n\n<div style=\"height:38px\" aria-hidden=\"true\" class=\"wp-block-spacer\"><\/div>\n\n\n\n<p><em><strong>Quelle est votre plus grande r\u00e9ussite \u00e0 ce jour ?<\/strong><\/em><\/p>\n\n\n\n<p>\u00c9lever mes trois formidables fils.<\/p>\n\n\n\n<div style=\"height:38px\" aria-hidden=\"true\" class=\"wp-block-spacer\"><\/div>\n\n\n\n<p><em><strong><em>Quel souvenir aimeriez-vous que l\u2019on garde de vous ?<\/em><\/strong><\/em><\/p>\n\n\n\n<p>J\u2019aimerais \u00eatre reconnue comme quelqu\u2019un qui a bien v\u00e9cu sa vie et qui a profit\u00e9 de toutes les bonnes choses qui se sont pr\u00e9sent\u00e9es. Lorsque les gens pensent \u00e0 moi, je veux que cela leur apporte de la joie en raison de mon cheminement dans le monde.&nbsp;<\/p>\n\n\n\n<div style=\"height:100px\" aria-hidden=\"true\" class=\"wp-block-spacer\"><\/div>\n","protected":false},"excerpt":{"rendered":"<p>Fracasser les plafonds de verre pour d\u00e9fendre la justice sociale. Parcours\u00a0:\u00a0Droit. Titre\u00a0:\u00a0Juge de paix,\u00a0minist\u00e8re du Procureur g\u00e9n\u00e9ral. Lorsqu\u2019il s\u2019agit d\u2019aider les personnes dans le besoin, contrairement \u00e0 d\u2019autres personnes, Karine Morin n\u2019a jamais h\u00e9sit\u00e9 \u00e0 relever un d\u00e9fi, \u00e0 avoir une discussion difficile ou \u00e0 s\u2019aventurer en terrain inconnu. Depuis ses \u00e9tudes au campus Glendon [&hellip;]<\/p>\n","protected":false},"author":275,"featured_media":19015,"comment_status":"closed","ping_status":"closed","sticky":false,"template":"","format":"standard","meta":{"_acf_changed":false,"_kad_blocks_custom_css":"","_kad_blocks_head_custom_js":"","_kad_blocks_body_custom_js":"","_kad_blocks_footer_custom_js":"","footnotes":""},"categories":[67,68],"tags":[],"class_list":["post-19016","post","type-post","status-publish","format-standard","has-post-thumbnail","hentry","category-alumni","category-diplomes"],"acf":[],"yoast_head":"<!-- This site is optimized with the Yoast SEO plugin v27.4 - https:\/\/yoast.com\/product\/yoast-seo-wordpress\/ -->\n<title>Nouvelles | Glendon Campus | Universit\u00e9 York<\/title>\n<meta name=\"description\" content=\"Rencontrez d\u2019autres \u00e9tudiants anciens et actuels de Glendon comme Karine Morin. R\u00e9servez une r\u00e9union virtuelle, trouvez un mentor de tous les programmes et d\u00e9couvrez tout ce que le campus a \u00e0 offrir.\" \/>\n<meta name=\"robots\" content=\"index, follow, max-snippet:-1, max-image-preview:large, max-video-preview:-1\" \/>\n<link rel=\"canonical\" href=\"https:\/\/www.yorku.ca\/glendon\/2024\/02\/28\/alumni-karine-morin\/\" \/>\n<meta property=\"og:locale\" content=\"en_US\" \/>\n<meta property=\"og:type\" content=\"article\" \/>\n<meta property=\"og:title\" content=\"Nouvelles | Glendon Campus | Universit\u00e9 York\" \/>\n<meta property=\"og:description\" content=\"Rencontrez d\u2019autres \u00e9tudiants anciens et actuels de Glendon comme Karine Morin. R\u00e9servez une r\u00e9union virtuelle, trouvez un mentor de tous les programmes et d\u00e9couvrez tout ce que le campus a \u00e0 offrir.\" \/>\n<meta property=\"og:url\" content=\"https:\/\/www.yorku.ca\/glendon\/2024\/02\/28\/alumni-karine-morin\/?lang=fr\" \/>\n<meta property=\"og:site_name\" content=\"Glendon Campus\" \/>\n<meta property=\"article:publisher\" content=\"https:\/\/www.facebook.com\/GlendonCampus\/\" \/>\n<meta property=\"article:published_time\" content=\"2024-02-28T20:01:48+00:00\" \/>\n<meta property=\"article:modified_time\" content=\"2024-08-23T02:31:56+00:00\" \/>\n<meta property=\"og:image\" content=\"https:\/\/www.yorku.ca\/glendon\/wp-content\/uploads\/sites\/508\/2024\/02\/Karine-Morin.png\" \/>\n\t<meta property=\"og:image:width\" content=\"295\" \/>\n\t<meta property=\"og:image:height\" content=\"200\" \/>\n\t<meta property=\"og:image:type\" content=\"image\/png\" \/>\n<meta name=\"author\" content=\"Anna Mossakowska\" \/>\n<meta name=\"twitter:card\" content=\"summary_large_image\" \/>\n<meta name=\"twitter:creator\" content=\"@glendoncampus\" \/>\n<meta name=\"twitter:site\" content=\"@glendoncampus\" \/>\n<meta name=\"twitter:label1\" content=\"Written by\" \/>\n\t<meta name=\"twitter:data1\" content=\"Anna Mossakowska\" \/>\n\t<meta name=\"twitter:label2\" content=\"Est. reading time\" \/>\n\t<meta name=\"twitter:data2\" content=\"5 minutes\" \/>\n<script type=\"application\/ld+json\" class=\"yoast-schema-graph\">{\"@context\":\"https:\\\/\\\/schema.org\",\"@graph\":[{\"@type\":\"Article\",\"@id\":\"https:\\\/\\\/www.yorku.ca\\\/glendon\\\/2024\\\/02\\\/28\\\/alumni-karine-morin\\\/?lang=fr#article\",\"isPartOf\":{\"@id\":\"https:\\\/\\\/www.yorku.ca\\\/glendon\\\/2024\\\/02\\\/28\\\/alumni-karine-morin\\\/?lang=fr\"},\"author\":{\"name\":\"Anna Mossakowska\",\"@id\":\"https:\\\/\\\/www.yorku.ca\\\/glendon\\\/#\\\/schema\\\/person\\\/8a0cd61ccf9485bb8762a1f66ecc5195\"},\"headline\":\"Rencontrez Karine Morin (B.A. 1991 Traduction et \u00c9tudes des femmes)\",\"datePublished\":\"2024-02-28T20:01:48+00:00\",\"dateModified\":\"2024-08-23T02:31:56+00:00\",\"mainEntityOfPage\":{\"@id\":\"https:\\\/\\\/www.yorku.ca\\\/glendon\\\/2024\\\/02\\\/28\\\/alumni-karine-morin\\\/?lang=fr\"},\"wordCount\":1032,\"publisher\":{\"@id\":\"https:\\\/\\\/www.yorku.ca\\\/glendon\\\/#organization\"},\"image\":{\"@id\":\"https:\\\/\\\/www.yorku.ca\\\/glendon\\\/2024\\\/02\\\/28\\\/alumni-karine-morin\\\/?lang=fr#primaryimage\"},\"thumbnailUrl\":\"https:\\\/\\\/www.yorku.ca\\\/glendon\\\/wp-content\\\/uploads\\\/sites\\\/508\\\/2024\\\/02\\\/Karine-Morin.png\",\"articleSection\":[\"Alumni\",\"Dipl\u00f4m\u00e9s\"],\"inLanguage\":\"en-US\"},{\"@type\":\"WebPage\",\"@id\":\"https:\\\/\\\/www.yorku.ca\\\/glendon\\\/2024\\\/02\\\/28\\\/alumni-karine-morin\\\/?lang=fr\",\"url\":\"https:\\\/\\\/www.yorku.ca\\\/glendon\\\/2024\\\/02\\\/28\\\/alumni-karine-morin\\\/?lang=fr\",\"name\":\"Nouvelles | Glendon Campus | Universit\u00e9 York\",\"isPartOf\":{\"@id\":\"https:\\\/\\\/www.yorku.ca\\\/glendon\\\/#website\"},\"primaryImageOfPage\":{\"@id\":\"https:\\\/\\\/www.yorku.ca\\\/glendon\\\/2024\\\/02\\\/28\\\/alumni-karine-morin\\\/?lang=fr#primaryimage\"},\"image\":{\"@id\":\"https:\\\/\\\/www.yorku.ca\\\/glendon\\\/2024\\\/02\\\/28\\\/alumni-karine-morin\\\/?lang=fr#primaryimage\"},\"thumbnailUrl\":\"https:\\\/\\\/www.yorku.ca\\\/glendon\\\/wp-content\\\/uploads\\\/sites\\\/508\\\/2024\\\/02\\\/Karine-Morin.png\",\"datePublished\":\"2024-02-28T20:01:48+00:00\",\"dateModified\":\"2024-08-23T02:31:56+00:00\",\"description\":\"Rencontrez d\u2019autres \u00e9tudiants anciens et actuels de Glendon comme Karine Morin. R\u00e9servez une r\u00e9union virtuelle, trouvez un mentor de tous les programmes et d\u00e9couvrez tout ce que le campus a \u00e0 offrir.\",\"breadcrumb\":{\"@id\":\"https:\\\/\\\/www.yorku.ca\\\/glendon\\\/2024\\\/02\\\/28\\\/alumni-karine-morin\\\/?lang=fr#breadcrumb\"},\"inLanguage\":\"en-US\",\"potentialAction\":[{\"@type\":\"ReadAction\",\"target\":[\"https:\\\/\\\/www.yorku.ca\\\/glendon\\\/2024\\\/02\\\/28\\\/alumni-karine-morin\\\/?lang=fr\"]}]},{\"@type\":\"ImageObject\",\"inLanguage\":\"en-US\",\"@id\":\"https:\\\/\\\/www.yorku.ca\\\/glendon\\\/2024\\\/02\\\/28\\\/alumni-karine-morin\\\/?lang=fr#primaryimage\",\"url\":\"https:\\\/\\\/www.yorku.ca\\\/glendon\\\/wp-content\\\/uploads\\\/sites\\\/508\\\/2024\\\/02\\\/Karine-Morin.png\",\"contentUrl\":\"https:\\\/\\\/www.yorku.ca\\\/glendon\\\/wp-content\\\/uploads\\\/sites\\\/508\\\/2024\\\/02\\\/Karine-Morin.png\",\"width\":295,\"height\":200,\"caption\":\"Portrait of Karine Morin\"},{\"@type\":\"BreadcrumbList\",\"@id\":\"https:\\\/\\\/www.yorku.ca\\\/glendon\\\/2024\\\/02\\\/28\\\/alumni-karine-morin\\\/?lang=fr#breadcrumb\",\"itemListElement\":[{\"@type\":\"ListItem\",\"position\":1,\"name\":\"Home\",\"item\":\"https:\\\/\\\/www.yorku.ca\\\/glendon\\\/\"},{\"@type\":\"ListItem\",\"position\":2,\"name\":\"Rencontrez Karine Morin (B.A. 1991 Traduction et \u00c9tudes des femmes)\"}]},{\"@type\":\"WebSite\",\"@id\":\"https:\\\/\\\/www.yorku.ca\\\/glendon\\\/#website\",\"url\":\"https:\\\/\\\/www.yorku.ca\\\/glendon\\\/\",\"name\":\"Glendon Campus\",\"description\":\"\",\"publisher\":{\"@id\":\"https:\\\/\\\/www.yorku.ca\\\/glendon\\\/#organization\"},\"potentialAction\":[{\"@type\":\"SearchAction\",\"target\":{\"@type\":\"EntryPoint\",\"urlTemplate\":\"https:\\\/\\\/www.yorku.ca\\\/glendon\\\/?s={search_term_string}\"},\"query-input\":{\"@type\":\"PropertyValueSpecification\",\"valueRequired\":true,\"valueName\":\"search_term_string\"}}],\"inLanguage\":\"en-US\"},{\"@type\":\"Organization\",\"@id\":\"https:\\\/\\\/www.yorku.ca\\\/glendon\\\/#organization\",\"name\":\"Glendon Campus\",\"url\":\"https:\\\/\\\/www.yorku.ca\\\/glendon\\\/\",\"logo\":{\"@type\":\"ImageObject\",\"inLanguage\":\"en-US\",\"@id\":\"https:\\\/\\\/www.yorku.ca\\\/glendon\\\/#\\\/schema\\\/logo\\\/image\\\/\",\"url\":\"https:\\\/\\\/www.yorku.ca\\\/glendon\\\/wp-content\\\/uploads\\\/sites\\\/508\\\/2023\\\/07\\\/Glendon-Campus-YorkU-Logo-.png\",\"contentUrl\":\"https:\\\/\\\/www.yorku.ca\\\/glendon\\\/wp-content\\\/uploads\\\/sites\\\/508\\\/2023\\\/07\\\/Glendon-Campus-YorkU-Logo-.png\",\"width\":5516,\"height\":601,\"caption\":\"Glendon Campus\"},\"image\":{\"@id\":\"https:\\\/\\\/www.yorku.ca\\\/glendon\\\/#\\\/schema\\\/logo\\\/image\\\/\"},\"sameAs\":[\"https:\\\/\\\/www.facebook.com\\\/GlendonCampus\\\/\",\"https:\\\/\\\/x.com\\\/glendoncampus\",\"https:\\\/\\\/www.instagram.com\\\/glendoncampus\\\/\",\"https:\\\/\\\/www.linkedin.com\\\/school\\\/glendon-campus\\\/\",\"https:\\\/\\\/www.youtube.com\\\/channel\\\/UC8bu5ntS7ZMGCURI0C-uENQ\",\"https:\\\/\\\/en.wikipedia.org\\\/wiki\\\/Glendon_College\"]},{\"@type\":\"Person\",\"@id\":\"https:\\\/\\\/www.yorku.ca\\\/glendon\\\/#\\\/schema\\\/person\\\/8a0cd61ccf9485bb8762a1f66ecc5195\",\"name\":\"Anna Mossakowska\",\"image\":{\"@type\":\"ImageObject\",\"inLanguage\":\"en-US\",\"@id\":\"https:\\\/\\\/secure.gravatar.com\\\/avatar\\\/f98d9dc851af7d5bad26e57ce8772cb74813d3d795311fb29714ae11727f36f1?s=96&d=mm&r=g\",\"url\":\"https:\\\/\\\/secure.gravatar.com\\\/avatar\\\/f98d9dc851af7d5bad26e57ce8772cb74813d3d795311fb29714ae11727f36f1?s=96&d=mm&r=g\",\"contentUrl\":\"https:\\\/\\\/secure.gravatar.com\\\/avatar\\\/f98d9dc851af7d5bad26e57ce8772cb74813d3d795311fb29714ae11727f36f1?s=96&d=mm&r=g\",\"caption\":\"Anna Mossakowska\"},\"url\":\"https:\\\/\\\/www.yorku.ca\\\/glendon\\\/author\\\/anyamoss\\\/\"}]}<\/script>\n<!-- \/ Yoast SEO plugin. -->","yoast_head_json":{"title":"Nouvelles | Glendon Campus | Universit\u00e9 York","description":"Rencontrez d\u2019autres \u00e9tudiants anciens et actuels de Glendon comme Karine Morin. R\u00e9servez une r\u00e9union virtuelle, trouvez un mentor de tous les programmes et d\u00e9couvrez tout ce que le campus a \u00e0 offrir.","robots":{"index":"index","follow":"follow","max-snippet":"max-snippet:-1","max-image-preview":"max-image-preview:large","max-video-preview":"max-video-preview:-1"},"canonical":"https:\/\/www.yorku.ca\/glendon\/2024\/02\/28\/alumni-karine-morin\/","og_locale":"en_US","og_type":"article","og_title":"Nouvelles | Glendon Campus | Universit\u00e9 York","og_description":"Rencontrez d\u2019autres \u00e9tudiants anciens et actuels de Glendon comme Karine Morin. R\u00e9servez une r\u00e9union virtuelle, trouvez un mentor de tous les programmes et d\u00e9couvrez tout ce que le campus a \u00e0 offrir.","og_url":"https:\/\/www.yorku.ca\/glendon\/2024\/02\/28\/alumni-karine-morin\/?lang=fr","og_site_name":"Glendon Campus","article_publisher":"https:\/\/www.facebook.com\/GlendonCampus\/","article_published_time":"2024-02-28T20:01:48+00:00","article_modified_time":"2024-08-23T02:31:56+00:00","og_image":[{"width":295,"height":200,"url":"https:\/\/www.yorku.ca\/glendon\/wp-content\/uploads\/sites\/508\/2024\/02\/Karine-Morin.png","type":"image\/png"}],"author":"Anna Mossakowska","twitter_card":"summary_large_image","twitter_creator":"@glendoncampus","twitter_site":"@glendoncampus","twitter_misc":{"Written by":"Anna Mossakowska","Est. reading time":"5 minutes"},"schema":{"@context":"https:\/\/schema.org","@graph":[{"@type":"Article","@id":"https:\/\/www.yorku.ca\/glendon\/2024\/02\/28\/alumni-karine-morin\/?lang=fr#article","isPartOf":{"@id":"https:\/\/www.yorku.ca\/glendon\/2024\/02\/28\/alumni-karine-morin\/?lang=fr"},"author":{"name":"Anna Mossakowska","@id":"https:\/\/www.yorku.ca\/glendon\/#\/schema\/person\/8a0cd61ccf9485bb8762a1f66ecc5195"},"headline":"Rencontrez Karine Morin (B.A. 1991 Traduction et \u00c9tudes des femmes)","datePublished":"2024-02-28T20:01:48+00:00","dateModified":"2024-08-23T02:31:56+00:00","mainEntityOfPage":{"@id":"https:\/\/www.yorku.ca\/glendon\/2024\/02\/28\/alumni-karine-morin\/?lang=fr"},"wordCount":1032,"publisher":{"@id":"https:\/\/www.yorku.ca\/glendon\/#organization"},"image":{"@id":"https:\/\/www.yorku.ca\/glendon\/2024\/02\/28\/alumni-karine-morin\/?lang=fr#primaryimage"},"thumbnailUrl":"https:\/\/www.yorku.ca\/glendon\/wp-content\/uploads\/sites\/508\/2024\/02\/Karine-Morin.png","articleSection":["Alumni","Dipl\u00f4m\u00e9s"],"inLanguage":"en-US"},{"@type":"WebPage","@id":"https:\/\/www.yorku.ca\/glendon\/2024\/02\/28\/alumni-karine-morin\/?lang=fr","url":"https:\/\/www.yorku.ca\/glendon\/2024\/02\/28\/alumni-karine-morin\/?lang=fr","name":"Nouvelles | Glendon Campus | Universit\u00e9 York","isPartOf":{"@id":"https:\/\/www.yorku.ca\/glendon\/#website"},"primaryImageOfPage":{"@id":"https:\/\/www.yorku.ca\/glendon\/2024\/02\/28\/alumni-karine-morin\/?lang=fr#primaryimage"},"image":{"@id":"https:\/\/www.yorku.ca\/glendon\/2024\/02\/28\/alumni-karine-morin\/?lang=fr#primaryimage"},"thumbnailUrl":"https:\/\/www.yorku.ca\/glendon\/wp-content\/uploads\/sites\/508\/2024\/02\/Karine-Morin.png","datePublished":"2024-02-28T20:01:48+00:00","dateModified":"2024-08-23T02:31:56+00:00","description":"Rencontrez d\u2019autres \u00e9tudiants anciens et actuels de Glendon comme Karine Morin. R\u00e9servez une r\u00e9union virtuelle, trouvez un mentor de tous les programmes et d\u00e9couvrez tout ce que le campus a \u00e0 offrir.","breadcrumb":{"@id":"https:\/\/www.yorku.ca\/glendon\/2024\/02\/28\/alumni-karine-morin\/?lang=fr#breadcrumb"},"inLanguage":"en-US","potentialAction":[{"@type":"ReadAction","target":["https:\/\/www.yorku.ca\/glendon\/2024\/02\/28\/alumni-karine-morin\/?lang=fr"]}]},{"@type":"ImageObject","inLanguage":"en-US","@id":"https:\/\/www.yorku.ca\/glendon\/2024\/02\/28\/alumni-karine-morin\/?lang=fr#primaryimage","url":"https:\/\/www.yorku.ca\/glendon\/wp-content\/uploads\/sites\/508\/2024\/02\/Karine-Morin.png","contentUrl":"https:\/\/www.yorku.ca\/glendon\/wp-content\/uploads\/sites\/508\/2024\/02\/Karine-Morin.png","width":295,"height":200,"caption":"Portrait of Karine Morin"},{"@type":"BreadcrumbList","@id":"https:\/\/www.yorku.ca\/glendon\/2024\/02\/28\/alumni-karine-morin\/?lang=fr#breadcrumb","itemListElement":[{"@type":"ListItem","position":1,"name":"Home","item":"https:\/\/www.yorku.ca\/glendon\/"},{"@type":"ListItem","position":2,"name":"Rencontrez Karine Morin (B.A. 1991 Traduction et \u00c9tudes des femmes)"}]},{"@type":"WebSite","@id":"https:\/\/www.yorku.ca\/glendon\/#website","url":"https:\/\/www.yorku.ca\/glendon\/","name":"Glendon Campus","description":"","publisher":{"@id":"https:\/\/www.yorku.ca\/glendon\/#organization"},"potentialAction":[{"@type":"SearchAction","target":{"@type":"EntryPoint","urlTemplate":"https:\/\/www.yorku.ca\/glendon\/?s={search_term_string}"},"query-input":{"@type":"PropertyValueSpecification","valueRequired":true,"valueName":"search_term_string"}}],"inLanguage":"en-US"},{"@type":"Organization","@id":"https:\/\/www.yorku.ca\/glendon\/#organization","name":"Glendon Campus","url":"https:\/\/www.yorku.ca\/glendon\/","logo":{"@type":"ImageObject","inLanguage":"en-US","@id":"https:\/\/www.yorku.ca\/glendon\/#\/schema\/logo\/image\/","url":"https:\/\/www.yorku.ca\/glendon\/wp-content\/uploads\/sites\/508\/2023\/07\/Glendon-Campus-YorkU-Logo-.png","contentUrl":"https:\/\/www.yorku.ca\/glendon\/wp-content\/uploads\/sites\/508\/2023\/07\/Glendon-Campus-YorkU-Logo-.png","width":5516,"height":601,"caption":"Glendon Campus"},"image":{"@id":"https:\/\/www.yorku.ca\/glendon\/#\/schema\/logo\/image\/"},"sameAs":["https:\/\/www.facebook.com\/GlendonCampus\/","https:\/\/x.com\/glendoncampus","https:\/\/www.instagram.com\/glendoncampus\/","https:\/\/www.linkedin.com\/school\/glendon-campus\/","https:\/\/www.youtube.com\/channel\/UC8bu5ntS7ZMGCURI0C-uENQ","https:\/\/en.wikipedia.org\/wiki\/Glendon_College"]},{"@type":"Person","@id":"https:\/\/www.yorku.ca\/glendon\/#\/schema\/person\/8a0cd61ccf9485bb8762a1f66ecc5195","name":"Anna Mossakowska","image":{"@type":"ImageObject","inLanguage":"en-US","@id":"https:\/\/secure.gravatar.com\/avatar\/f98d9dc851af7d5bad26e57ce8772cb74813d3d795311fb29714ae11727f36f1?s=96&d=mm&r=g","url":"https:\/\/secure.gravatar.com\/avatar\/f98d9dc851af7d5bad26e57ce8772cb74813d3d795311fb29714ae11727f36f1?s=96&d=mm&r=g","contentUrl":"https:\/\/secure.gravatar.com\/avatar\/f98d9dc851af7d5bad26e57ce8772cb74813d3d795311fb29714ae11727f36f1?s=96&d=mm&r=g","caption":"Anna Mossakowska"},"url":"https:\/\/www.yorku.ca\/glendon\/author\/anyamoss\/"}]}},"taxonomy_info":{"category":[{"value":67,"label":"Alumni"},{"value":68,"label":"Dipl\u00f4m\u00e9s"}]},"featured_image_src_large":["https:\/\/www.yorku.ca\/glendon\/wp-content\/uploads\/sites\/508\/2024\/02\/Karine-Morin.png",295,200,false],"author_info":{"display_name":"Anna Mossakowska","author_link":"https:\/\/www.yorku.ca\/glendon\/author\/anyamoss\/"},"comment_info":0,"category_info":[{"term_id":67,"name":"Alumni","slug":"alumni","term_group":0,"term_taxonomy_id":67,"taxonomy":"category","description":"","parent":0,"count":61,"filter":"raw","cat_ID":67,"category_count":61,"category_description":"","cat_name":"Alumni","category_nicename":"alumni","category_parent":0},{"term_id":68,"name":"Dipl\u00f4m\u00e9s","slug":"diplomes","term_group":0,"term_taxonomy_id":68,"taxonomy":"category","description":"","parent":0,"count":42,"filter":"raw","cat_ID":68,"category_count":42,"category_description":"","cat_name":"Dipl\u00f4m\u00e9s","category_nicename":"diplomes","category_parent":0}],"tag_info":false,"_links":{"self":[{"href":"https:\/\/www.yorku.ca\/glendon\/wp-json\/wp\/v2\/posts\/19016","targetHints":{"allow":["GET"]}}],"collection":[{"href":"https:\/\/www.yorku.ca\/glendon\/wp-json\/wp\/v2\/posts"}],"about":[{"href":"https:\/\/www.yorku.ca\/glendon\/wp-json\/wp\/v2\/types\/post"}],"author":[{"embeddable":true,"href":"https:\/\/www.yorku.ca\/glendon\/wp-json\/wp\/v2\/users\/275"}],"replies":[{"embeddable":true,"href":"https:\/\/www.yorku.ca\/glendon\/wp-json\/wp\/v2\/comments?post=19016"}],"version-history":[{"count":7,"href":"https:\/\/www.yorku.ca\/glendon\/wp-json\/wp\/v2\/posts\/19016\/revisions"}],"predecessor-version":[{"id":21486,"href":"https:\/\/www.yorku.ca\/glendon\/wp-json\/wp\/v2\/posts\/19016\/revisions\/21486"}],"wp:featuredmedia":[{"embeddable":true,"href":"https:\/\/www.yorku.ca\/glendon\/wp-json\/wp\/v2\/media\/19015"}],"wp:attachment":[{"href":"https:\/\/www.yorku.ca\/glendon\/wp-json\/wp\/v2\/media?parent=19016"}],"wp:term":[{"taxonomy":"category","embeddable":true,"href":"https:\/\/www.yorku.ca\/glendon\/wp-json\/wp\/v2\/categories?post=19016"},{"taxonomy":"post_tag","embeddable":true,"href":"https:\/\/www.yorku.ca\/glendon\/wp-json\/wp\/v2\/tags?post=19016"}],"curies":[{"name":"wp","href":"https:\/\/api.w.org\/{rel}","templated":true}]}}