  {"id":302848,"date":"2022-03-27T13:32:15","date_gmt":"2022-03-27T18:32:15","guid":{"rendered":"https:\/\/yfile.news.yorku.ca\/?p=302848"},"modified":"2025-04-02T12:12:35","modified_gmt":"2025-04-02T16:12:35","slug":"join-the-york-university-community-for-a-virtual-town-hall-march-29","status":"publish","type":"post","link":"https:\/\/www.yorku.ca\/yfile\/2022\/03\/27\/join-the-york-university-community-for-a-virtual-town-hall-march-29\/","title":{"rendered":"Join the York community for a virtual town hall, March 29"},"content":{"rendered":"\n<p><em>La version fran\u00e7aise suit la version anglaise.&nbsp;<\/em><\/p>\n\n\n\n<p>Dear York community,&nbsp;&nbsp;&nbsp;<\/p>\n\n\n\n<p>We hope you will join us for a virtual town hall on <strong>Tuesday, March 29<\/strong>, where we will discuss the University\u2019s ongoing plans for the winter and summer terms.&nbsp;<\/p>\n\n\n\n<p>We&nbsp;invite all students, staff, course instructors and faculty to attend&nbsp;and to submit their questions in advance of the event using&nbsp;<a rel=\"noreferrer noopener\" href=\"https:\/\/president.apps01.yorku.ca\/forms\/view.php?id=145174\" target=\"_blank\">this form<\/a>.&nbsp;Community members can also visit the updated&nbsp;<a rel=\"noreferrer noopener\" href=\"https:\/\/www.yorku.ca\/bettertogether\/faqs\/\" target=\"_blank\">Better Together FAQs<\/a>&nbsp;webpage for answers to frequently asked questions about enhanced health and safety measures, masking and vaccination requirements, and more.&nbsp;&nbsp;<\/p>\n\n\n\n<p class=\"has-text-align-center\"><strong>Date:&nbsp;<\/strong>Tuesday, March 29<\/p>\n\n\n\n<p class=\"has-text-align-center\"><strong>Time:&nbsp;<\/strong>1 to 2:30 p.m.&nbsp;&nbsp;<\/p>\n\n\n\n<p class=\"has-text-align-center\"><strong>Zoom Webinar:&nbsp;<\/strong>&nbsp;<a href=\"https:\/\/yorku.zoom.us\/j\/96480693320?pwd=ZWdYdFpNVCtsMlFlNllXN29kOHB4Zz09\" target=\"_blank\" rel=\"noreferrer noopener\">https:\/\/yorku.zoom.us\/j\/96480693320?pwd=ZWdYdFpNVCtsMlFlNllXN29kOHB4Zz09<\/a><\/p>\n\n\n\n<p class=\"has-text-align-center\"><strong>Webinar ID:&nbsp;<\/strong>964 8069 3320&nbsp;<\/p>\n\n\n\n<p class=\"has-text-align-center\"><strong>Telephone Dial-In:&nbsp;<\/strong>647-374-4685&nbsp;&nbsp;&nbsp;<\/p>\n\n\n\n<p class=\"has-text-align-center\"><strong>Password:&nbsp;<\/strong>032842<strong>&nbsp;<\/strong><\/p>\n\n\n\n<p class=\"has-text-align-center\"><strong>Link to Livestream:&nbsp;<\/strong><a href=\"https:\/\/youtu.be\/rK_wi4tmwhQ\" target=\"_blank\" rel=\"noreferrer noopener\">https:\/\/youtu.be\/rK_wi4tmwhQ<\/a>&nbsp;<\/p>\n\n\n\n<p>To help answer your questions, I will be joined by:&nbsp;&nbsp;&nbsp;<\/p>\n\n\n\n<ul class=\"wp-block-list\">\n<li><strong>Amir Asif<\/strong>, vice-president research and innovation&nbsp;&nbsp;&nbsp;&nbsp;<\/li>\n\n\n\n<li><strong>Sheila Cote-Meek<\/strong>, vice-president equity, people and culture&nbsp;&nbsp;<\/li>\n\n\n\n<li><strong>Susana Gajic-Bruyea<\/strong>, vice-president advancement&nbsp;<\/li>\n\n\n\n<li><strong>Carol McAulay<\/strong>, vice-president finance and administration&nbsp;&nbsp;&nbsp;&nbsp;<\/li>\n\n\n\n<li><strong>Lisa Philipps<\/strong>, provost and vice-president academic&nbsp;&nbsp;&nbsp;&nbsp;<\/li>\n\n\n\n<li><strong>Lucy Fromowitz<\/strong>, vice-provost, students&nbsp;&nbsp;&nbsp;&nbsp;<\/li>\n\n\n\n<li><strong>Parissa Safai<\/strong>, special advisor to the president for academic continuity planning and COVID-19 response and associate professor, School of Kinesiology and Health Science&nbsp;&nbsp;<\/li>\n<\/ul>\n\n\n\n<p>If you have any accessibility needs, notes, or&nbsp;comments,&nbsp;<a href=\"https:\/\/president.apps01.yorku.ca\/forms\/view.php?id=146801\" target=\"_blank\" rel=\"noreferrer noopener\">please let us know<\/a>.&nbsp;&nbsp;&nbsp;&nbsp;<\/p>\n\n\n\n<p>We will be hosting this&nbsp;town&nbsp;hall&nbsp;via the video conferencing platform Zoom Webinar. You can learn about downloading and using Zoom&nbsp;<a rel=\"noreferrer noopener\" href=\"https:\/\/yorku.zoom.us\/\" target=\"_blank\">here<\/a>.&nbsp;The webinar will also be livestreamed on the <a rel=\"noreferrer noopener\" href=\"https:\/\/conversations.info.yorku.ca\/first-page\/webcast\/\" data-type=\"URL\" data-id=\"https:\/\/conversations.info.yorku.ca\/first-page\/webcast\/\" target=\"_blank\">Town Hall<\/a>&nbsp;website.&nbsp;<\/p>\n\n\n\n<p>If you have attended a past Town Hall, we would like your feedback through&nbsp;<a rel=\"noreferrer noopener\" href=\"https:\/\/president.apps01.yorku.ca\/forms\/view.php?id=145434\" target=\"_blank\">this short survey<\/a>.&nbsp;If&nbsp;you were unable to attend previous town halls, you can access all of them&nbsp;<a rel=\"noreferrer noopener\" href=\"https:\/\/conversations.info.yorku.ca\/past-town-hall-webcasts\/\" target=\"_blank\">here<\/a>.&nbsp;<\/p>\n\n\n\n<p>The latest community updates, resources and answers to frequently asked questions can always be found on our&nbsp;<a rel=\"noreferrer noopener\" href=\"https:\/\/yubettertogether.info.yorku.ca\/\" target=\"_blank\">Better Together<\/a> website.&nbsp;<\/p>\n\n\n\n<p>I look forward to your questions.&nbsp; &nbsp;&nbsp;&nbsp;<\/p>\n\n\n\n<p>Sincerely,&nbsp;<\/p>\n\n\n\n<p><strong>Rhonda Lenton<br>President and Vice-Chancellor<\/strong><\/p>\n\n\n\n<hr class=\"wp-block-separator has-css-opacity\"\/>\n\n\n\n<h2 class=\"wp-block-heading\" id=\"le-29-mars-joignez-vous-a-la-communaute-de-york-pour-une-conversation-communautaire-virtuelle\">Le 29 mars, joignez-vous \u00e0 la communaut\u00e9 de York pour une conversation communautaire virtuelle<\/h2>\n\n\n\n<p>Chers membres de la communaut\u00e9 de York,&nbsp;&nbsp;&nbsp;<\/p>\n\n\n\n<p>Nous esp\u00e9rons que vous vous joindrez \u00e0 nous pour une conversation communautaire virtuelle le mardi 29&nbsp;mars, durant laquelle nous discuterons des projets en cours de l\u2019Universit\u00e9 pour les trimestres d\u2019hiver et d\u2019\u00e9t\u00e9.<\/p>\n\n\n\n<p>Nous invitons tous les membres de la communaut\u00e9 \u00e9tudiante, du personnel, du corps professoral et du corps enseignant \u00e0 y assister et \u00e0 soumettre leurs questions avant l\u2019\u00e9v\u00e9nement \u00e0 l\u2019aide de ce formulaire. Les membres de la communaut\u00e9 peuvent \u00e9galement consulter les derni\u00e8res mises \u00e0 jour de la&nbsp;<a rel=\"noreferrer noopener\" href=\"https:\/\/www.yorku.ca\/bettertogether\/foire-aux-questions-faqs\/?lang=fr\" target=\"_blank\">FAQ du site Mieux ensemble<\/a>&nbsp;pour voir les r\u00e9ponses aux questions les plus fr\u00e9quentes concernant les mesures de sant\u00e9 et de s\u00e9curit\u00e9, les exigences en mati\u00e8re de vaccination et de port du masque et bien plus encore.&nbsp;&nbsp;<\/p>\n\n\n\n<p class=\"has-text-align-center\"><strong>Date&nbsp;:&nbsp;<\/strong>Mardi&nbsp;29&nbsp;mars&nbsp;2022&nbsp;<\/p>\n\n\n\n<p class=\"has-text-align-center\"><strong>Quand&nbsp;:&nbsp;<\/strong>13&nbsp;h - 14&nbsp;h&nbsp;30&nbsp;&nbsp;&nbsp;&nbsp;<\/p>\n\n\n\n<p class=\"has-text-align-center\"><strong>Webinaire Zoom&nbsp;:&nbsp;<\/strong>&nbsp;<a href=\"https:\/\/yorku.zoom.us\/j\/96480693320?pwd=ZWdYdFpNVCtsMlFlNllXN29kOHB4Zz09\" target=\"_blank\" rel=\"noreferrer noopener\">https:\/\/yorku.zoom.us\/j\/96480693320?pwd=ZWdYdFpNVCtsMlFlNllXN29kOHB4Zz09<\/a><\/p>\n\n\n\n<p class=\"has-text-align-center\"><strong>Code du webinaire&nbsp;:&nbsp;<\/strong>964 8069 3320&nbsp;<\/p>\n\n\n\n<p class=\"has-text-align-center\"><strong>Num\u00e9ro de t\u00e9l\u00e9phone&nbsp;:&nbsp;<\/strong>(647) 374-4685&nbsp;&nbsp;&nbsp;<\/p>\n\n\n\n<p class=\"has-text-align-center\"><strong>Mot de passe&nbsp;:&nbsp;<\/strong>032842<strong>&nbsp;<\/strong><\/p>\n\n\n\n<p class=\"has-text-align-center\"><strong>Lien pour la diffusion en direct&nbsp;:&nbsp;<\/strong><a href=\"https:\/\/youtu.be\/rK_wi4tmwhQ\" target=\"_blank\" rel=\"noreferrer noopener\">https&nbsp;: \/\/youtu.be\/wi4tmwhQ<\/a>&nbsp;<\/p>\n\n\n\n<p>Pour m\u2019aider \u00e0 r\u00e9pondre \u00e0 vos questions, je serai accompagn\u00e9e de&nbsp;:&nbsp;&nbsp;&nbsp;<\/p>\n\n\n\n<ul class=\"wp-block-list\">\n<li><strong>Amir Asif<\/strong>, vice-pr\u00e9sident de la recherche et de l\u2019innovation&nbsp;&nbsp;&nbsp;&nbsp;<\/li>\n\n\n\n<li><strong>Sheila Cote-Meek<\/strong>, vice-pr\u00e9sidente de l\u2019\u00e9quit\u00e9, des personnes et de la culture&nbsp;&nbsp;<\/li>\n\n\n\n<li><strong>Susana Gajic-Bruyea<\/strong>, vice-pr\u00e9sidente de l\u2019avancement&nbsp;<\/li>\n\n\n\n<li><strong>Carol McAulay<\/strong>, vice-pr\u00e9sidente des finances et de l\u2019administration&nbsp;&nbsp;&nbsp;&nbsp;<\/li>\n\n\n\n<li><strong>Lisa Philipps<\/strong>, rectrice et vice-pr\u00e9sidente aux affaires acad\u00e9miques&nbsp;&nbsp;&nbsp;&nbsp;<\/li>\n\n\n\n<li><strong>Lucy Fromowitz<\/strong>, vice-rectrice aux affaires \u00e9tudiantes&nbsp;&nbsp;&nbsp;&nbsp;<\/li>\n\n\n\n<li><strong>Parissa Safai<\/strong>, conseill\u00e8re sp\u00e9ciale de la pr\u00e9sidente pour la planification de la continuit\u00e9 acad\u00e9mique et la r\u00e9ponse \u00e0 la COVID-19, \u00c9cole de kin\u00e9siologie et des sciences de la sant\u00e9&nbsp;&nbsp;<\/li>\n<\/ul>\n\n\n\n<p>Si vous avez des besoins, des remarques ou des commentaires en mati\u00e8re d\u2019accessibilit\u00e9,&nbsp;<a href=\"https:\/\/president.apps01.yorku.ca\/forms\/view.php?id=146801\" target=\"_blank\" rel=\"noreferrer noopener\">veuillez nous le faire savoir<\/a>.&nbsp;&nbsp;&nbsp;&nbsp;<\/p>\n\n\n\n<p>Cette conversation communautaire aura lieu gr\u00e2ce \u00e0 la plateforme de visioconf\u00e9rence Zoom Webinar. Vous pouvez t\u00e9l\u00e9charger Zoom et apprendre \u00e0 vous en servir&nbsp;<a rel=\"noreferrer noopener\" href=\"https:\/\/yorku.zoom.us\/\" target=\"_blank\">ici<\/a>.&nbsp;Le webinaire sera \u00e9galement diffus\u00e9 en direct sur le&nbsp;<a rel=\"noreferrer noopener\" href=\"https:\/\/conversations.info.yorku.ca\/first-page\/webcast\/\" target=\"_blank\">site Web<\/a>&nbsp;des conversations communautaires.&nbsp;<br><br>Si vous avez d\u00e9j\u00e0 assist\u00e9 \u00e0 une conversation communautaire, nous aimerions conna\u00eetre votre opinion avec ce&nbsp;<a rel=\"noreferrer noopener\" href=\"https:\/\/president.apps01.yorku.ca\/forms\/view.php?id=145434\" target=\"_blank\">bref sondage<\/a>. Si vous n\u2019avez pas pu assister aux conversations pr\u00e9c\u00e9dentes, elles sont affich\u00e9es&nbsp;<a rel=\"noreferrer noopener\" href=\"https:\/\/conversations.info.yorku.ca\/past-town-hall-webcasts\/\" target=\"_blank\">ici<\/a>.&nbsp;<br><br>Vous trouverez les derni\u00e8res mises \u00e0 jour, ressources et r\u00e9ponses aux questions fr\u00e9quemment pos\u00e9es sur notre&nbsp;<a rel=\"noreferrer noopener\" href=\"https:\/\/www.yorku.ca\/bettertogether\/?lang=fr\" target=\"_blank\">site Web Mieux ensemble<\/a>.&nbsp;&nbsp;&nbsp;&nbsp;&nbsp;&nbsp;<\/p>\n\n\n\n<p>J\u2019attends vos questions avec impatience.&nbsp;&nbsp;&nbsp;&nbsp;<\/p>\n\n\n\n<p>Sinc\u00e8res salutations,&nbsp;<\/p>\n\n\n\n<p><strong>Rhonda Lenton<br>Pr\u00e9sidente et vice-chanceli\u00e8re<\/strong><\/p>\n","protected":false},"excerpt":{"rendered":"<p>Students, faculty, course instructors and staff are invited to a virtual town hall planned for Tuesday, March 29. <\/p>\n","protected":false},"author":5,"featured_media":288778,"comment_status":"closed","ping_status":"closed","sticky":false,"template":"","format":"standard","meta":{"_acf_changed":false,"_kad_blocks_custom_css":"","_kad_blocks_head_custom_js":"","_kad_blocks_body_custom_js":"","_kad_blocks_footer_custom_js":"","footnotes":""},"categories":[25],"tags":[29,34,6,79,26,27,12,4],"yfileauthor":[],"qualifier":[],"yfile-author":[],"tags-to-show":[145,197,147,174,148,146],"workflow":[],"class_list":["post-302848","post","type-post","status-publish","format-standard","has-post-thumbnail","hentry","category-editors-picks","tag-community","tag-events","tag-faculty","tag-operations","tag-president","tag-staff","tag-students","tag-yfile","tags-to-show-community","tags-to-show-events","tags-to-show-faculty","tags-to-show-president","tags-to-show-staff","tags-to-show-students"],"acf":{"internal_publish_date":null,"original_image":null},"yoast_head":"<!-- This site is optimized with the Yoast SEO plugin v27.4 - https:\/\/yoast.com\/product\/yoast-seo-wordpress\/ -->\n<title>Join the York community for a virtual town hall, March 29 - YFile<\/title>\n<meta name=\"robots\" content=\"index, follow, max-snippet:-1, max-image-preview:large, max-video-preview:-1\" \/>\n<link rel=\"canonical\" href=\"https:\/\/www.yorku.ca\/yfile\/2022\/03\/27\/join-the-york-university-community-for-a-virtual-town-hall-march-29\/\" \/>\n<meta property=\"og:locale\" content=\"en_US\" \/>\n<meta property=\"og:type\" content=\"article\" \/>\n<meta property=\"og:title\" content=\"Join the York community for a virtual town hall, March 29 - YFile\" \/>\n<meta property=\"og:description\" content=\"Students, faculty, course instructors and staff are invited to a virtual town hall planned for Tuesday, March 29.\" \/>\n<meta property=\"og:url\" content=\"https:\/\/www.yorku.ca\/yfile\/2022\/03\/27\/join-the-york-university-community-for-a-virtual-town-hall-march-29\/\" \/>\n<meta property=\"og:site_name\" content=\"YFile\" \/>\n<meta property=\"article:published_time\" content=\"2022-03-27T18:32:15+00:00\" \/>\n<meta property=\"article:modified_time\" content=\"2025-04-02T16:12:35+00:00\" \/>\n<meta property=\"og:image\" content=\"https:\/\/www.yorku.ca\/yfile\/wp-content\/uploads\/sites\/889\/2021\/06\/Vari-Hall-New-Featured-image.jpg\" \/>\n\t<meta property=\"og:image:width\" content=\"880\" \/>\n\t<meta property=\"og:image:height\" content=\"290\" \/>\n\t<meta property=\"og:image:type\" content=\"image\/jpeg\" \/>\n<meta name=\"author\" content=\"phalfert\" \/>\n<meta name=\"twitter:card\" content=\"summary_large_image\" \/>\n<meta name=\"twitter:label1\" content=\"Written by\" \/>\n\t<meta name=\"twitter:data1\" content=\"phalfert\" \/>\n\t<meta name=\"twitter:label2\" content=\"Est. reading time\" \/>\n\t<meta name=\"twitter:data2\" content=\"4 minutes\" \/>\n<script type=\"application\/ld+json\" class=\"yoast-schema-graph\">{\"@context\":\"https:\\\/\\\/schema.org\",\"@graph\":[{\"@type\":\"Article\",\"@id\":\"https:\\\/\\\/www.yorku.ca\\\/yfile\\\/2022\\\/03\\\/27\\\/join-the-york-university-community-for-a-virtual-town-hall-march-29\\\/#article\",\"isPartOf\":{\"@id\":\"https:\\\/\\\/www.yorku.ca\\\/yfile\\\/2022\\\/03\\\/27\\\/join-the-york-university-community-for-a-virtual-town-hall-march-29\\\/\"},\"author\":{\"name\":\"phalfert\",\"@id\":\"https:\\\/\\\/www.yorku.ca\\\/yfile\\\/#\\\/schema\\\/person\\\/21f3dffe794363be5ece4ec7f538a0c0\"},\"headline\":\"Join the York community for a virtual town hall, March 29\",\"datePublished\":\"2022-03-27T18:32:15+00:00\",\"dateModified\":\"2025-04-02T16:12:35+00:00\",\"mainEntityOfPage\":{\"@id\":\"https:\\\/\\\/www.yorku.ca\\\/yfile\\\/2022\\\/03\\\/27\\\/join-the-york-university-community-for-a-virtual-town-hall-march-29\\\/\"},\"wordCount\":905,\"image\":{\"@id\":\"https:\\\/\\\/www.yorku.ca\\\/yfile\\\/2022\\\/03\\\/27\\\/join-the-york-university-community-for-a-virtual-town-hall-march-29\\\/#primaryimage\"},\"thumbnailUrl\":\"https:\\\/\\\/www.yorku.ca\\\/yfile\\\/wp-content\\\/uploads\\\/sites\\\/889\\\/2021\\\/06\\\/Vari-Hall-New-Featured-image.jpg\",\"keywords\":[\"Community\",\"Events\",\"Faculty\",\"Operations\",\"President\",\"Staff\",\"Students\",\"YFile\"],\"articleSection\":[\"Editor's Picks\"],\"inLanguage\":\"en-CA\",\"copyrightYear\":\"2022\",\"copyrightHolder\":{\"@id\":\"https:\\\/\\\/www.yorku.ca\\\/yfile\\\/#organization\"}},{\"@type\":\"WebPage\",\"@id\":\"https:\\\/\\\/www.yorku.ca\\\/yfile\\\/2022\\\/03\\\/27\\\/join-the-york-university-community-for-a-virtual-town-hall-march-29\\\/\",\"url\":\"https:\\\/\\\/www.yorku.ca\\\/yfile\\\/2022\\\/03\\\/27\\\/join-the-york-university-community-for-a-virtual-town-hall-march-29\\\/\",\"name\":\"Join the York community for a virtual town hall, March 29 - YFile\",\"isPartOf\":{\"@id\":\"https:\\\/\\\/www.yorku.ca\\\/yfile\\\/#website\"},\"primaryImageOfPage\":{\"@id\":\"https:\\\/\\\/www.yorku.ca\\\/yfile\\\/2022\\\/03\\\/27\\\/join-the-york-university-community-for-a-virtual-town-hall-march-29\\\/#primaryimage\"},\"image\":{\"@id\":\"https:\\\/\\\/www.yorku.ca\\\/yfile\\\/2022\\\/03\\\/27\\\/join-the-york-university-community-for-a-virtual-town-hall-march-29\\\/#primaryimage\"},\"thumbnailUrl\":\"https:\\\/\\\/www.yorku.ca\\\/yfile\\\/wp-content\\\/uploads\\\/sites\\\/889\\\/2021\\\/06\\\/Vari-Hall-New-Featured-image.jpg\",\"datePublished\":\"2022-03-27T18:32:15+00:00\",\"dateModified\":\"2025-04-02T16:12:35+00:00\",\"author\":{\"@id\":\"https:\\\/\\\/www.yorku.ca\\\/yfile\\\/#\\\/schema\\\/person\\\/21f3dffe794363be5ece4ec7f538a0c0\"},\"breadcrumb\":{\"@id\":\"https:\\\/\\\/www.yorku.ca\\\/yfile\\\/2022\\\/03\\\/27\\\/join-the-york-university-community-for-a-virtual-town-hall-march-29\\\/#breadcrumb\"},\"inLanguage\":\"en-CA\",\"potentialAction\":[{\"@type\":\"ReadAction\",\"target\":[\"https:\\\/\\\/www.yorku.ca\\\/yfile\\\/2022\\\/03\\\/27\\\/join-the-york-university-community-for-a-virtual-town-hall-march-29\\\/\"]}]},{\"@type\":\"ImageObject\",\"inLanguage\":\"en-CA\",\"@id\":\"https:\\\/\\\/www.yorku.ca\\\/yfile\\\/2022\\\/03\\\/27\\\/join-the-york-university-community-for-a-virtual-town-hall-march-29\\\/#primaryimage\",\"url\":\"https:\\\/\\\/www.yorku.ca\\\/yfile\\\/wp-content\\\/uploads\\\/sites\\\/889\\\/2021\\\/06\\\/Vari-Hall-New-Featured-image.jpg\",\"contentUrl\":\"https:\\\/\\\/www.yorku.ca\\\/yfile\\\/wp-content\\\/uploads\\\/sites\\\/889\\\/2021\\\/06\\\/Vari-Hall-New-Featured-image.jpg\",\"width\":880,\"height\":290,\"caption\":\"Vari Hall New Featured image\"},{\"@type\":\"BreadcrumbList\",\"@id\":\"https:\\\/\\\/www.yorku.ca\\\/yfile\\\/2022\\\/03\\\/27\\\/join-the-york-university-community-for-a-virtual-town-hall-march-29\\\/#breadcrumb\",\"itemListElement\":[{\"@type\":\"ListItem\",\"position\":1,\"name\":\"Home\",\"item\":\"https:\\\/\\\/www.yorku.ca\\\/yfile\\\/\"},{\"@type\":\"ListItem\",\"position\":2,\"name\":\"Join the York community for a virtual town hall, March 29\"}]},{\"@type\":\"WebSite\",\"@id\":\"https:\\\/\\\/www.yorku.ca\\\/yfile\\\/#website\",\"url\":\"https:\\\/\\\/www.yorku.ca\\\/yfile\\\/\",\"name\":\"YFile\",\"description\":\"\",\"potentialAction\":[{\"@type\":\"SearchAction\",\"target\":{\"@type\":\"EntryPoint\",\"urlTemplate\":\"https:\\\/\\\/www.yorku.ca\\\/yfile\\\/?s={search_term_string}\"},\"query-input\":{\"@type\":\"PropertyValueSpecification\",\"valueRequired\":true,\"valueName\":\"search_term_string\"}}],\"inLanguage\":\"en-CA\"},{\"@type\":\"Person\",\"@id\":\"https:\\\/\\\/www.yorku.ca\\\/yfile\\\/#\\\/schema\\\/person\\\/21f3dffe794363be5ece4ec7f538a0c0\",\"name\":\"phalfert\",\"image\":{\"@type\":\"ImageObject\",\"inLanguage\":\"en-CA\",\"@id\":\"https:\\\/\\\/secure.gravatar.com\\\/avatar\\\/9e3ac8a4ede7f72dd695c074c5291e11739705deae1422de177298d5aad6d559?s=96&d=mm&r=g\",\"url\":\"https:\\\/\\\/secure.gravatar.com\\\/avatar\\\/9e3ac8a4ede7f72dd695c074c5291e11739705deae1422de177298d5aad6d559?s=96&d=mm&r=g\",\"contentUrl\":\"https:\\\/\\\/secure.gravatar.com\\\/avatar\\\/9e3ac8a4ede7f72dd695c074c5291e11739705deae1422de177298d5aad6d559?s=96&d=mm&r=g\",\"caption\":\"phalfert\"},\"url\":\"https:\\\/\\\/www.yorku.ca\\\/yfile\\\/author\\\/phalfert\\\/\"}]}<\/script>\n<!-- \/ Yoast SEO plugin. -->","yoast_head_json":{"title":"Join the York community for a virtual town hall, March 29 - YFile","robots":{"index":"index","follow":"follow","max-snippet":"max-snippet:-1","max-image-preview":"max-image-preview:large","max-video-preview":"max-video-preview:-1"},"canonical":"https:\/\/www.yorku.ca\/yfile\/2022\/03\/27\/join-the-york-university-community-for-a-virtual-town-hall-march-29\/","og_locale":"en_US","og_type":"article","og_title":"Join the York community for a virtual town hall, March 29 - YFile","og_description":"Students, faculty, course instructors and staff are invited to a virtual town hall planned for Tuesday, March 29.","og_url":"https:\/\/www.yorku.ca\/yfile\/2022\/03\/27\/join-the-york-university-community-for-a-virtual-town-hall-march-29\/","og_site_name":"YFile","article_published_time":"2022-03-27T18:32:15+00:00","article_modified_time":"2025-04-02T16:12:35+00:00","og_image":[{"width":880,"height":290,"url":"https:\/\/www.yorku.ca\/yfile\/wp-content\/uploads\/sites\/889\/2021\/06\/Vari-Hall-New-Featured-image.jpg","type":"image\/jpeg"}],"author":"phalfert","twitter_card":"summary_large_image","twitter_misc":{"Written by":"phalfert","Est. reading time":"4 minutes"},"schema":{"@context":"https:\/\/schema.org","@graph":[{"@type":"Article","@id":"https:\/\/www.yorku.ca\/yfile\/2022\/03\/27\/join-the-york-university-community-for-a-virtual-town-hall-march-29\/#article","isPartOf":{"@id":"https:\/\/www.yorku.ca\/yfile\/2022\/03\/27\/join-the-york-university-community-for-a-virtual-town-hall-march-29\/"},"author":{"name":"phalfert","@id":"https:\/\/www.yorku.ca\/yfile\/#\/schema\/person\/21f3dffe794363be5ece4ec7f538a0c0"},"headline":"Join the York community for a virtual town hall, March 29","datePublished":"2022-03-27T18:32:15+00:00","dateModified":"2025-04-02T16:12:35+00:00","mainEntityOfPage":{"@id":"https:\/\/www.yorku.ca\/yfile\/2022\/03\/27\/join-the-york-university-community-for-a-virtual-town-hall-march-29\/"},"wordCount":905,"image":{"@id":"https:\/\/www.yorku.ca\/yfile\/2022\/03\/27\/join-the-york-university-community-for-a-virtual-town-hall-march-29\/#primaryimage"},"thumbnailUrl":"https:\/\/www.yorku.ca\/yfile\/wp-content\/uploads\/sites\/889\/2021\/06\/Vari-Hall-New-Featured-image.jpg","keywords":["Community","Events","Faculty","Operations","President","Staff","Students","YFile"],"articleSection":["Editor's Picks"],"inLanguage":"en-CA","copyrightYear":"2022","copyrightHolder":{"@id":"https:\/\/www.yorku.ca\/yfile\/#organization"}},{"@type":"WebPage","@id":"https:\/\/www.yorku.ca\/yfile\/2022\/03\/27\/join-the-york-university-community-for-a-virtual-town-hall-march-29\/","url":"https:\/\/www.yorku.ca\/yfile\/2022\/03\/27\/join-the-york-university-community-for-a-virtual-town-hall-march-29\/","name":"Join the York community for a virtual town hall, March 29 - YFile","isPartOf":{"@id":"https:\/\/www.yorku.ca\/yfile\/#website"},"primaryImageOfPage":{"@id":"https:\/\/www.yorku.ca\/yfile\/2022\/03\/27\/join-the-york-university-community-for-a-virtual-town-hall-march-29\/#primaryimage"},"image":{"@id":"https:\/\/www.yorku.ca\/yfile\/2022\/03\/27\/join-the-york-university-community-for-a-virtual-town-hall-march-29\/#primaryimage"},"thumbnailUrl":"https:\/\/www.yorku.ca\/yfile\/wp-content\/uploads\/sites\/889\/2021\/06\/Vari-Hall-New-Featured-image.jpg","datePublished":"2022-03-27T18:32:15+00:00","dateModified":"2025-04-02T16:12:35+00:00","author":{"@id":"https:\/\/www.yorku.ca\/yfile\/#\/schema\/person\/21f3dffe794363be5ece4ec7f538a0c0"},"breadcrumb":{"@id":"https:\/\/www.yorku.ca\/yfile\/2022\/03\/27\/join-the-york-university-community-for-a-virtual-town-hall-march-29\/#breadcrumb"},"inLanguage":"en-CA","potentialAction":[{"@type":"ReadAction","target":["https:\/\/www.yorku.ca\/yfile\/2022\/03\/27\/join-the-york-university-community-for-a-virtual-town-hall-march-29\/"]}]},{"@type":"ImageObject","inLanguage":"en-CA","@id":"https:\/\/www.yorku.ca\/yfile\/2022\/03\/27\/join-the-york-university-community-for-a-virtual-town-hall-march-29\/#primaryimage","url":"https:\/\/www.yorku.ca\/yfile\/wp-content\/uploads\/sites\/889\/2021\/06\/Vari-Hall-New-Featured-image.jpg","contentUrl":"https:\/\/www.yorku.ca\/yfile\/wp-content\/uploads\/sites\/889\/2021\/06\/Vari-Hall-New-Featured-image.jpg","width":880,"height":290,"caption":"Vari Hall New Featured image"},{"@type":"BreadcrumbList","@id":"https:\/\/www.yorku.ca\/yfile\/2022\/03\/27\/join-the-york-university-community-for-a-virtual-town-hall-march-29\/#breadcrumb","itemListElement":[{"@type":"ListItem","position":1,"name":"Home","item":"https:\/\/www.yorku.ca\/yfile\/"},{"@type":"ListItem","position":2,"name":"Join the York community for a virtual town hall, March 29"}]},{"@type":"WebSite","@id":"https:\/\/www.yorku.ca\/yfile\/#website","url":"https:\/\/www.yorku.ca\/yfile\/","name":"YFile","description":"","potentialAction":[{"@type":"SearchAction","target":{"@type":"EntryPoint","urlTemplate":"https:\/\/www.yorku.ca\/yfile\/?s={search_term_string}"},"query-input":{"@type":"PropertyValueSpecification","valueRequired":true,"valueName":"search_term_string"}}],"inLanguage":"en-CA"},{"@type":"Person","@id":"https:\/\/www.yorku.ca\/yfile\/#\/schema\/person\/21f3dffe794363be5ece4ec7f538a0c0","name":"phalfert","image":{"@type":"ImageObject","inLanguage":"en-CA","@id":"https:\/\/secure.gravatar.com\/avatar\/9e3ac8a4ede7f72dd695c074c5291e11739705deae1422de177298d5aad6d559?s=96&d=mm&r=g","url":"https:\/\/secure.gravatar.com\/avatar\/9e3ac8a4ede7f72dd695c074c5291e11739705deae1422de177298d5aad6d559?s=96&d=mm&r=g","contentUrl":"https:\/\/secure.gravatar.com\/avatar\/9e3ac8a4ede7f72dd695c074c5291e11739705deae1422de177298d5aad6d559?s=96&d=mm&r=g","caption":"phalfert"},"url":"https:\/\/www.yorku.ca\/yfile\/author\/phalfert\/"}]}},"taxonomy_info":{"category":[{"value":25,"label":"Editor's Picks"}],"post_tag":[{"value":29,"label":"Community"},{"value":34,"label":"Events"},{"value":6,"label":"Faculty"},{"value":79,"label":"Operations"},{"value":26,"label":"President"},{"value":27,"label":"Staff"},{"value":12,"label":"Students"},{"value":4,"label":"YFile"}],"tags-to-show":[{"value":145,"label":"Community"},{"value":197,"label":"Events"},{"value":147,"label":"Faculty"},{"value":174,"label":"President"},{"value":148,"label":"Staff"},{"value":146,"label":"Students"}]},"featured_image_src_large":["https:\/\/www.yorku.ca\/yfile\/wp-content\/uploads\/sites\/889\/2021\/06\/Vari-Hall-New-Featured-image.jpg",880,290,false],"author_info":{"display_name":"phalfert","author_link":"https:\/\/www.yorku.ca\/yfile\/author\/phalfert\/"},"comment_info":0,"category_info":[{"term_id":25,"name":"Editor's Picks","slug":"editors-picks","term_group":0,"term_taxonomy_id":25,"taxonomy":"category","description":"","parent":0,"count":6268,"filter":"raw","cat_ID":25,"category_count":6268,"category_description":"","cat_name":"Editor's Picks","category_nicename":"editors-picks","category_parent":0}],"tag_info":[{"term_id":29,"name":"Community","slug":"community","term_group":0,"term_taxonomy_id":29,"taxonomy":"post_tag","description":"","parent":0,"count":966,"filter":"raw"},{"term_id":34,"name":"Events","slug":"events","term_group":0,"term_taxonomy_id":34,"taxonomy":"post_tag","description":"","parent":0,"count":408,"filter":"raw"},{"term_id":6,"name":"Faculty","slug":"faculty","term_group":0,"term_taxonomy_id":6,"taxonomy":"post_tag","description":"","parent":0,"count":2009,"filter":"raw"},{"term_id":79,"name":"Operations","slug":"operations","term_group":0,"term_taxonomy_id":79,"taxonomy":"post_tag","description":"","parent":0,"count":94,"filter":"raw"},{"term_id":26,"name":"President","slug":"president","term_group":0,"term_taxonomy_id":26,"taxonomy":"post_tag","description":"","parent":0,"count":405,"filter":"raw"},{"term_id":27,"name":"Staff","slug":"staff","term_group":0,"term_taxonomy_id":27,"taxonomy":"post_tag","description":"","parent":0,"count":597,"filter":"raw"},{"term_id":12,"name":"Students","slug":"students","term_group":0,"term_taxonomy_id":12,"taxonomy":"post_tag","description":"","parent":0,"count":1639,"filter":"raw"},{"term_id":4,"name":"YFile","slug":"yfile","term_group":0,"term_taxonomy_id":4,"taxonomy":"post_tag","description":"","parent":0,"count":5305,"filter":"raw"}],"_links":{"self":[{"href":"https:\/\/www.yorku.ca\/yfile\/wp-json\/wp\/v2\/posts\/302848","targetHints":{"allow":["GET"]}}],"collection":[{"href":"https:\/\/www.yorku.ca\/yfile\/wp-json\/wp\/v2\/posts"}],"about":[{"href":"https:\/\/www.yorku.ca\/yfile\/wp-json\/wp\/v2\/types\/post"}],"author":[{"embeddable":true,"href":"https:\/\/www.yorku.ca\/yfile\/wp-json\/wp\/v2\/users\/5"}],"replies":[{"embeddable":true,"href":"https:\/\/www.yorku.ca\/yfile\/wp-json\/wp\/v2\/comments?post=302848"}],"version-history":[{"count":1,"href":"https:\/\/www.yorku.ca\/yfile\/wp-json\/wp\/v2\/posts\/302848\/revisions"}],"predecessor-version":[{"id":391370,"href":"https:\/\/www.yorku.ca\/yfile\/wp-json\/wp\/v2\/posts\/302848\/revisions\/391370"}],"wp:featuredmedia":[{"embeddable":true,"href":"https:\/\/www.yorku.ca\/yfile\/wp-json\/wp\/v2\/media\/288778"}],"wp:attachment":[{"href":"https:\/\/www.yorku.ca\/yfile\/wp-json\/wp\/v2\/media?parent=302848"}],"wp:term":[{"taxonomy":"category","embeddable":true,"href":"https:\/\/www.yorku.ca\/yfile\/wp-json\/wp\/v2\/categories?post=302848"},{"taxonomy":"post_tag","embeddable":true,"href":"https:\/\/www.yorku.ca\/yfile\/wp-json\/wp\/v2\/tags?post=302848"},{"taxonomy":"yfileauthor","embeddable":true,"href":"https:\/\/www.yorku.ca\/yfile\/wp-json\/wp\/v2\/yfileauthor?post=302848"},{"taxonomy":"qualifier","embeddable":true,"href":"https:\/\/www.yorku.ca\/yfile\/wp-json\/wp\/v2\/qualifier?post=302848"},{"taxonomy":"yfile-author","embeddable":true,"href":"https:\/\/www.yorku.ca\/yfile\/wp-json\/wp\/v2\/yfile-author?post=302848"},{"taxonomy":"tags-to-show","embeddable":true,"href":"https:\/\/www.yorku.ca\/yfile\/wp-json\/wp\/v2\/tags-to-show?post=302848"},{"taxonomy":"workflow","embeddable":true,"href":"https:\/\/www.yorku.ca\/yfile\/wp-json\/wp\/v2\/workflow?post=302848"}],"curies":[{"name":"wp","href":"https:\/\/api.w.org\/{rel}","templated":true}]}}