  {"id":317698,"date":"2022-06-24T14:52:08","date_gmt":"2022-06-24T19:52:08","guid":{"rendered":"https:\/\/yfile.news.yorku.ca\/?p=317698"},"modified":"2025-04-02T12:17:11","modified_gmt":"2025-04-02T16:17:11","slug":"york-university-pausing-mandatory-face-mask-protocol","status":"publish","type":"post","link":"https:\/\/www.yorku.ca\/yfile\/2022\/06\/24\/york-university-pausing-mandatory-face-mask-protocol\/","title":{"rendered":"快播视频 pausing mandatory face mask protocol"},"content":{"rendered":"\n<p><em>La version fran\u00e7aise suit la version anglaise.<\/em><\/p>\n\n\n\n<p>Dear York community,<\/p>\n\n\n\n<p>In alignment with Ontario\u2019s Chief Medical Officer of Health\u2019s recent guidance on masks, the University will pause the mandatory face mask protocol, effective <strong>June 28<\/strong>.<\/p>\n\n\n\n<p>As of <a href=\"https:\/\/news.ontario.ca\/en\/statement\/1002160\/most-masking-requirements-to-be-lifted-on-june-11\" data-type=\"URL\" data-id=\"https:\/\/news.ontario.ca\/en\/statement\/1002160\/most-masking-requirements-to-be-lifted-on-june-11\" target=\"_blank\" rel=\"noreferrer noopener\">June 11<\/a>, mandatory masking was discontinued in most settings in the province. The University continues to monitor the impact of COVID-19 and public health guidelines and if necessary, masking requirements will be reinstated.<\/p>\n\n\n\n<p>As a community, we value our commitment to work together to solve problems and we urge you to respect everyone\u2019s choice to continue masking based on comfort levels and health needs. The University continues to encourage community members to wear a mask in indoor spaces, especially where physical distancing is not possible.<\/p>\n\n\n\n<p>Important reminders:<\/p>\n\n\n\n<ul class=\"wp-block-list\">\n<li>Community members can continue to self-assess by completing <a rel=\"noreferrer noopener\" href=\"https:\/\/yorku.ubixhealth.com\/login\" data-type=\"URL\" data-id=\"https:\/\/yorku.ubixhealth.com\/login\" target=\"_blank\">YU Screen<\/a> and should not come to campus if they are feeling unwell.<\/li>\n\n\n\n<li>York paused its COVID-19 <a rel=\"noreferrer noopener\" href=\"https:\/\/www.yorku.ca\/secretariat\/policies\/policies\/covid-19-vaccination-mandate\/\" data-type=\"URL\" data-id=\"https:\/\/www.yorku.ca\/secretariat\/policies\/policies\/covid-19-vaccination-mandate\/\" target=\"_blank\">Vaccination Mandate<\/a> on May 1 (May 4 for Osgoode Juris Doctor and Graduate Program Research students).<\/li>\n\n\n\n<li>York continues to work with public health authorities should it become necessary to reinstate proof of vaccination on very short notice.<\/li>\n\n\n\n<li>We strongly recommend that everyone receives a completed vaccine series, including third or fourth doses, when eligible. All are responsible for keeping their vaccination status up to date on <a rel=\"noreferrer noopener\" href=\"https:\/\/yorku.ubixhealth.com\/login\" data-type=\"URL\" data-id=\"https:\/\/yorku.ubixhealth.com\/login\" target=\"_blank\">YU Screen<\/a>.<\/li>\n\n\n\n<li><a rel=\"noreferrer noopener\" href=\"https:\/\/www.yorku.ca\/bettertogether\/rapid-testing\/\" data-type=\"URL\" data-id=\"https:\/\/www.yorku.ca\/bettertogether\/rapid-testing\/\" target=\"_blank\">Rapid tests<\/a> can be obtained on the Keele and Glendon campuses.<\/li>\n<\/ul>\n\n\n\n<p>With our first in-person convocation in two years behind us, we now look ahead to a return to campus in Fall 2022. Planning for the Fall 2022 term is well underway, including requirements for health and safety, academic programming and a range of services and supports. York remains committed to the health and safety of all and will be prepared to be as responsive as the public health situation demands.<\/p>\n\n\n\n<p>As always, please check <a rel=\"noreferrer noopener\" href=\"https:\/\/www.yorku.ca\/bettertogether\/\" data-type=\"URL\" data-id=\"https:\/\/www.yorku.ca\/bettertogether\/\" target=\"_blank\">YU Better Together<\/a> for more information and updates in the weeks ahead.<\/p>\n\n\n\n<p>Sincerely,<\/p>\n\n\n\n<p><strong>Rhonda Lenton<br>President and Vice-Chancellor<\/strong><\/p>\n\n\n\n<hr class=\"wp-block-separator has-css-opacity\"\/>\n\n\n\n<h2 class=\"wp-block-heading\" id=\"l-universite-york-interrompt-le-protocole-de-port-obligatoire-de-masque\">L\u2019Universit\u00e9 York interrompt le protocole de port obligatoire de masque<\/h2>\n\n\n\n<p>Chers membres de la communaut\u00e9 de York,&nbsp;<\/p>\n\n\n\n<p>Conform\u00e9ment aux r\u00e9centes directives du m\u00e9decin hygi\u00e9niste en chef de l\u2019Ontario sur les masques, l\u2019Universit\u00e9 interrompt son protocole de port obligatoire du masque \u00e0 compter du <strong>28&nbsp;juin&nbsp;2022<\/strong>.&nbsp;&nbsp;&nbsp;<\/p>\n\n\n\n<p>L\u2019obligation de port du masque a \u00e9t\u00e9 lev\u00e9e le&nbsp;<a href=\"https:\/\/news.ontario.ca\/fr\/statement\/1002160\/levee-de-la-plupart-des-exigences-en-matiere-de-port-du-masque-le-11-juin\" target=\"_blank\" rel=\"noreferrer noopener\">11&nbsp;juin<\/a>&nbsp;dans la plupart des autres \u00e9tablissements de la province. L\u2019Universit\u00e9 continue de surveiller l\u2019impact de la COVID-19 et de suivre les directives de sant\u00e9 publique. Les exigences de port du masque seront r\u00e9tablies au besoin.&nbsp;&nbsp;<\/p>\n\n\n\n<p>En tant que communaut\u00e9, nous poursuivons notre engagement \u00e0 travailler ensemble pour r\u00e9soudre les probl\u00e8mes et nous vous demandons instamment de respecter le choix de chaque personne de continuer \u00e0 porter le masque en fonction de son niveau de confort et de ses besoins de sant\u00e9. L\u2019Universit\u00e9 continue d\u2019encourager les membres de la communaut\u00e9 \u00e0 porter un masque dans les espaces int\u00e9rieurs, en particulier lorsqu\u2019il n\u2019est pas possible de garder une certaine distance.&nbsp;<\/p>\n\n\n\n<p>Rappels importants&nbsp;:&nbsp;<\/p>\n\n\n\n<ul class=\"wp-block-list\">\n<li>Les membres de la communaut\u00e9 peuvent continuer \u00e0 remplir le&nbsp;<a rel=\"noreferrer noopener\" href=\"https:\/\/yorku.ubixhealth.com\/login\" target=\"_blank\">YU D\u00e9pistage<\/a>&nbsp;et ne doivent pas venir sur les campus s\u2019ils ne se sentent pas bien.&nbsp;&nbsp;<\/li>\n\n\n\n<li>\u00c0 compter du 1<sup>er<\/sup>&nbsp;mai, York a interrompu sa&nbsp;<a rel=\"noreferrer noopener\" href=\"https:\/\/www.yorku.ca\/secretariat\/policies\/policies\/covid-19-vaccination-mandate\/\" target=\"_blank\">Politique de vaccination obligatoire<\/a>&nbsp;contre la COVID-19 (au 4&nbsp;mai&nbsp;2022 pour la communaut\u00e9 du doctorat en jurisprudence et le programme d\u2019\u00e9tudes sup\u00e9rieures de l\u2019\u00c9cole de droit Osgoode Hall). &nbsp;&nbsp;<\/li>\n\n\n\n<li>York continuera \u00e0 travailler avec les autorit\u00e9s de sant\u00e9 publique s\u2019il s\u2019av\u00e8re n\u00e9cessaire de r\u00e9tablir les exigences relatives \u00e0 la preuve de vaccination dans des d\u00e9lais tr\u00e8s brefs.&nbsp;<\/li>\n\n\n\n<li>York recommande vivement \u00e0 tout le monde de recevoir une s\u00e9rie compl\u00e8te de vaccins, y compris la troisi\u00e8me ou la quatri\u00e8me dose, en cas d\u2019admissibilit\u00e9. Vous \u00eates responsable de la mise \u00e0 jour de votre statut vaccinal sur&nbsp;<a rel=\"noreferrer noopener\" href=\"https:\/\/yorku.ubixhealth.com\/login\" target=\"_blank\">YU D\u00e9pistage<\/a>. &nbsp;&nbsp;<\/li>\n\n\n\n<li>Vous pouvez obtenir des&nbsp;<a rel=\"noreferrer noopener\" href=\"https:\/\/www.yorku.ca\/bettertogether\/foire-aux-questions-faqs\/?lang=fr#Testing\" target=\"_blank\">tests de d\u00e9pistage rapide<\/a>&nbsp;sur les campus Keele et Glendon.&nbsp;<\/li>\n<\/ul>\n\n\n\n<p>Apr\u00e8s notre premi\u00e8re remise des dipl\u00f4mes en personne depuis deux ans, nous commen\u00e7ons \u00e0 pr\u00e9voir notre retour sur les campus \u00e0 l\u2019automne&nbsp;2022, y compris les exigences en mati\u00e8re de sant\u00e9 et de s\u00e9curit\u00e9, la programmation acad\u00e9mique et la gamme de services et de soutien. L\u2019Universit\u00e9 York s\u2019engage \u00e0 assurer la sant\u00e9 et la s\u00e9curit\u00e9 de toute sa communaut\u00e9 et sera aussi r\u00e9active que l\u2019exige la situation de sant\u00e9 publique.&nbsp;<\/p>\n\n\n\n<p>Comme toujours, veuillez consulter notre&nbsp;<a href=\"https:\/\/www.yorku.ca\/bettertogether\/?lang=fr\" target=\"_blank\" rel=\"noreferrer noopener\">site Mieux ensemble<\/a>&nbsp;pour obtenir plus d\u2019informations et des mises \u00e0 jour dans les semaines \u00e0 venir.&nbsp;&nbsp;<\/p>\n\n\n\n<p>Veuillez agr\u00e9er mes sinc\u00e8res salutations,&nbsp;<\/p>\n\n\n\n<p><strong>Rhonda Lenton<br>Pr\u00e9sidente et vice-chanceli\u00e8re&nbsp;<\/strong><\/p>\n","protected":false},"excerpt":{"rendered":"<p>In alignment with Ontario\u2019s Chief Medical Officer of Health\u2019s recent guidance on masks, the University will pause the mandatory face mask protocol, effective June 28.<\/p>\n","protected":false},"author":5,"featured_media":313316,"comment_status":"closed","ping_status":"closed","sticky":false,"template":"","format":"standard","meta":{"_acf_changed":false,"_kad_blocks_custom_css":"","_kad_blocks_head_custom_js":"","_kad_blocks_body_custom_js":"","_kad_blocks_footer_custom_js":"","footnotes":""},"categories":[25],"tags":[41,6,79,27,12,4],"yfileauthor":[],"qualifier":[],"yfile-author":[],"tags-to-show":[208,147,148,146],"workflow":[],"class_list":["post-317698","post","type-post","status-publish","format-standard","has-post-thumbnail","hentry","category-editors-picks","tag-covid19","tag-faculty","tag-operations","tag-staff","tag-students","tag-yfile","tags-to-show-covid19","tags-to-show-faculty","tags-to-show-staff","tags-to-show-students"],"acf":{"internal_publish_date":null,"original_image":null},"yoast_head":"<!-- This site is optimized with the Yoast SEO plugin v27.4 - https:\/\/yoast.com\/product\/yoast-seo-wordpress\/ -->\n<title>快播视频 pausing mandatory face mask protocol - YFile<\/title>\n<meta name=\"robots\" content=\"index, follow, max-snippet:-1, max-image-preview:large, max-video-preview:-1\" \/>\n<link rel=\"canonical\" href=\"https:\/\/www.yorku.ca\/yfile\/2022\/06\/24\/york-university-pausing-mandatory-face-mask-protocol\/\" \/>\n<meta property=\"og:locale\" content=\"en_US\" \/>\n<meta property=\"og:type\" content=\"article\" \/>\n<meta property=\"og:title\" content=\"快播视频 pausing mandatory face mask protocol - YFile\" \/>\n<meta property=\"og:description\" content=\"In alignment with Ontario\u2019s Chief Medical Officer of Health\u2019s recent guidance on masks, the University will pause the mandatory face mask protocol, effective June 28.\" \/>\n<meta property=\"og:url\" content=\"https:\/\/www.yorku.ca\/yfile\/2022\/06\/24\/york-university-pausing-mandatory-face-mask-protocol\/\" \/>\n<meta property=\"og:site_name\" content=\"YFile\" \/>\n<meta property=\"article:published_time\" content=\"2022-06-24T19:52:08+00:00\" \/>\n<meta property=\"article:modified_time\" content=\"2025-04-02T16:17:11+00:00\" \/>\n<meta property=\"og:image\" content=\"https:\/\/www.yorku.ca\/yfile\/wp-content\/uploads\/sites\/889\/2022\/04\/vari-students-ext6-copy.jpg\" \/>\n\t<meta property=\"og:image:width\" content=\"1800\" \/>\n\t<meta property=\"og:image:height\" content=\"600\" \/>\n\t<meta property=\"og:image:type\" content=\"image\/jpeg\" \/>\n<meta name=\"author\" content=\"phalfert\" \/>\n<meta name=\"twitter:card\" content=\"summary_large_image\" \/>\n<meta name=\"twitter:label1\" content=\"Written by\" \/>\n\t<meta name=\"twitter:data1\" content=\"phalfert\" \/>\n\t<meta name=\"twitter:label2\" content=\"Est. reading time\" \/>\n\t<meta name=\"twitter:data2\" content=\"4 minutes\" \/>\n<script type=\"application\/ld+json\" class=\"yoast-schema-graph\">{\"@context\":\"https:\\\/\\\/schema.org\",\"@graph\":[{\"@type\":\"Article\",\"@id\":\"https:\\\/\\\/www.yorku.ca\\\/yfile\\\/2022\\\/06\\\/24\\\/york-university-pausing-mandatory-face-mask-protocol\\\/#article\",\"isPartOf\":{\"@id\":\"https:\\\/\\\/www.yorku.ca\\\/yfile\\\/2022\\\/06\\\/24\\\/york-university-pausing-mandatory-face-mask-protocol\\\/\"},\"author\":{\"name\":\"phalfert\",\"@id\":\"https:\\\/\\\/www.yorku.ca\\\/yfile\\\/#\\\/schema\\\/person\\\/21f3dffe794363be5ece4ec7f538a0c0\"},\"headline\":\"快播视频 pausing mandatory face mask protocol\",\"datePublished\":\"2022-06-24T19:52:08+00:00\",\"dateModified\":\"2025-04-02T16:17:11+00:00\",\"mainEntityOfPage\":{\"@id\":\"https:\\\/\\\/www.yorku.ca\\\/yfile\\\/2022\\\/06\\\/24\\\/york-university-pausing-mandatory-face-mask-protocol\\\/\"},\"wordCount\":815,\"image\":{\"@id\":\"https:\\\/\\\/www.yorku.ca\\\/yfile\\\/2022\\\/06\\\/24\\\/york-university-pausing-mandatory-face-mask-protocol\\\/#primaryimage\"},\"thumbnailUrl\":\"https:\\\/\\\/www.yorku.ca\\\/yfile\\\/wp-content\\\/uploads\\\/sites\\\/889\\\/2022\\\/04\\\/vari-students-ext6-copy.jpg\",\"keywords\":[\"COVID19\",\"Faculty\",\"Operations\",\"Staff\",\"Students\",\"YFile\"],\"articleSection\":[\"Editor's Picks\"],\"inLanguage\":\"en-CA\",\"copyrightYear\":\"2022\",\"copyrightHolder\":{\"@id\":\"https:\\\/\\\/www.yorku.ca\\\/yfile\\\/#organization\"}},{\"@type\":\"WebPage\",\"@id\":\"https:\\\/\\\/www.yorku.ca\\\/yfile\\\/2022\\\/06\\\/24\\\/york-university-pausing-mandatory-face-mask-protocol\\\/\",\"url\":\"https:\\\/\\\/www.yorku.ca\\\/yfile\\\/2022\\\/06\\\/24\\\/york-university-pausing-mandatory-face-mask-protocol\\\/\",\"name\":\"快播视频 pausing mandatory face mask protocol - YFile\",\"isPartOf\":{\"@id\":\"https:\\\/\\\/www.yorku.ca\\\/yfile\\\/#website\"},\"primaryImageOfPage\":{\"@id\":\"https:\\\/\\\/www.yorku.ca\\\/yfile\\\/2022\\\/06\\\/24\\\/york-university-pausing-mandatory-face-mask-protocol\\\/#primaryimage\"},\"image\":{\"@id\":\"https:\\\/\\\/www.yorku.ca\\\/yfile\\\/2022\\\/06\\\/24\\\/york-university-pausing-mandatory-face-mask-protocol\\\/#primaryimage\"},\"thumbnailUrl\":\"https:\\\/\\\/www.yorku.ca\\\/yfile\\\/wp-content\\\/uploads\\\/sites\\\/889\\\/2022\\\/04\\\/vari-students-ext6-copy.jpg\",\"datePublished\":\"2022-06-24T19:52:08+00:00\",\"dateModified\":\"2025-04-02T16:17:11+00:00\",\"author\":{\"@id\":\"https:\\\/\\\/www.yorku.ca\\\/yfile\\\/#\\\/schema\\\/person\\\/21f3dffe794363be5ece4ec7f538a0c0\"},\"breadcrumb\":{\"@id\":\"https:\\\/\\\/www.yorku.ca\\\/yfile\\\/2022\\\/06\\\/24\\\/york-university-pausing-mandatory-face-mask-protocol\\\/#breadcrumb\"},\"inLanguage\":\"en-CA\",\"potentialAction\":[{\"@type\":\"ReadAction\",\"target\":[\"https:\\\/\\\/www.yorku.ca\\\/yfile\\\/2022\\\/06\\\/24\\\/york-university-pausing-mandatory-face-mask-protocol\\\/\"]}]},{\"@type\":\"ImageObject\",\"inLanguage\":\"en-CA\",\"@id\":\"https:\\\/\\\/www.yorku.ca\\\/yfile\\\/2022\\\/06\\\/24\\\/york-university-pausing-mandatory-face-mask-protocol\\\/#primaryimage\",\"url\":\"https:\\\/\\\/www.yorku.ca\\\/yfile\\\/wp-content\\\/uploads\\\/sites\\\/889\\\/2022\\\/04\\\/vari-students-ext6-copy.jpg\",\"contentUrl\":\"https:\\\/\\\/www.yorku.ca\\\/yfile\\\/wp-content\\\/uploads\\\/sites\\\/889\\\/2022\\\/04\\\/vari-students-ext6-copy.jpg\",\"width\":1800,\"height\":600,\"caption\":\"Students stand outside of Vari Hall on York's Keele Campus\"},{\"@type\":\"BreadcrumbList\",\"@id\":\"https:\\\/\\\/www.yorku.ca\\\/yfile\\\/2022\\\/06\\\/24\\\/york-university-pausing-mandatory-face-mask-protocol\\\/#breadcrumb\",\"itemListElement\":[{\"@type\":\"ListItem\",\"position\":1,\"name\":\"Home\",\"item\":\"https:\\\/\\\/www.yorku.ca\\\/yfile\\\/\"},{\"@type\":\"ListItem\",\"position\":2,\"name\":\"快播视频 pausing mandatory face mask protocol\"}]},{\"@type\":\"WebSite\",\"@id\":\"https:\\\/\\\/www.yorku.ca\\\/yfile\\\/#website\",\"url\":\"https:\\\/\\\/www.yorku.ca\\\/yfile\\\/\",\"name\":\"YFile\",\"description\":\"\",\"potentialAction\":[{\"@type\":\"SearchAction\",\"target\":{\"@type\":\"EntryPoint\",\"urlTemplate\":\"https:\\\/\\\/www.yorku.ca\\\/yfile\\\/?s={search_term_string}\"},\"query-input\":{\"@type\":\"PropertyValueSpecification\",\"valueRequired\":true,\"valueName\":\"search_term_string\"}}],\"inLanguage\":\"en-CA\"},{\"@type\":\"Person\",\"@id\":\"https:\\\/\\\/www.yorku.ca\\\/yfile\\\/#\\\/schema\\\/person\\\/21f3dffe794363be5ece4ec7f538a0c0\",\"name\":\"phalfert\",\"image\":{\"@type\":\"ImageObject\",\"inLanguage\":\"en-CA\",\"@id\":\"https:\\\/\\\/secure.gravatar.com\\\/avatar\\\/9e3ac8a4ede7f72dd695c074c5291e11739705deae1422de177298d5aad6d559?s=96&d=mm&r=g\",\"url\":\"https:\\\/\\\/secure.gravatar.com\\\/avatar\\\/9e3ac8a4ede7f72dd695c074c5291e11739705deae1422de177298d5aad6d559?s=96&d=mm&r=g\",\"contentUrl\":\"https:\\\/\\\/secure.gravatar.com\\\/avatar\\\/9e3ac8a4ede7f72dd695c074c5291e11739705deae1422de177298d5aad6d559?s=96&d=mm&r=g\",\"caption\":\"phalfert\"},\"url\":\"https:\\\/\\\/www.yorku.ca\\\/yfile\\\/author\\\/phalfert\\\/\"}]}<\/script>\n<!-- \/ Yoast SEO plugin. -->","yoast_head_json":{"title":"快播视频 pausing mandatory face mask protocol - YFile","robots":{"index":"index","follow":"follow","max-snippet":"max-snippet:-1","max-image-preview":"max-image-preview:large","max-video-preview":"max-video-preview:-1"},"canonical":"https:\/\/www.yorku.ca\/yfile\/2022\/06\/24\/york-university-pausing-mandatory-face-mask-protocol\/","og_locale":"en_US","og_type":"article","og_title":"快播视频 pausing mandatory face mask protocol - YFile","og_description":"In alignment with Ontario\u2019s Chief Medical Officer of Health\u2019s recent guidance on masks, the University will pause the mandatory face mask protocol, effective June 28.","og_url":"https:\/\/www.yorku.ca\/yfile\/2022\/06\/24\/york-university-pausing-mandatory-face-mask-protocol\/","og_site_name":"YFile","article_published_time":"2022-06-24T19:52:08+00:00","article_modified_time":"2025-04-02T16:17:11+00:00","og_image":[{"width":1800,"height":600,"url":"https:\/\/www.yorku.ca\/yfile\/wp-content\/uploads\/sites\/889\/2022\/04\/vari-students-ext6-copy.jpg","type":"image\/jpeg"}],"author":"phalfert","twitter_card":"summary_large_image","twitter_misc":{"Written by":"phalfert","Est. reading time":"4 minutes"},"schema":{"@context":"https:\/\/schema.org","@graph":[{"@type":"Article","@id":"https:\/\/www.yorku.ca\/yfile\/2022\/06\/24\/york-university-pausing-mandatory-face-mask-protocol\/#article","isPartOf":{"@id":"https:\/\/www.yorku.ca\/yfile\/2022\/06\/24\/york-university-pausing-mandatory-face-mask-protocol\/"},"author":{"name":"phalfert","@id":"https:\/\/www.yorku.ca\/yfile\/#\/schema\/person\/21f3dffe794363be5ece4ec7f538a0c0"},"headline":"快播视频 pausing mandatory face mask protocol","datePublished":"2022-06-24T19:52:08+00:00","dateModified":"2025-04-02T16:17:11+00:00","mainEntityOfPage":{"@id":"https:\/\/www.yorku.ca\/yfile\/2022\/06\/24\/york-university-pausing-mandatory-face-mask-protocol\/"},"wordCount":815,"image":{"@id":"https:\/\/www.yorku.ca\/yfile\/2022\/06\/24\/york-university-pausing-mandatory-face-mask-protocol\/#primaryimage"},"thumbnailUrl":"https:\/\/www.yorku.ca\/yfile\/wp-content\/uploads\/sites\/889\/2022\/04\/vari-students-ext6-copy.jpg","keywords":["COVID19","Faculty","Operations","Staff","Students","YFile"],"articleSection":["Editor's Picks"],"inLanguage":"en-CA","copyrightYear":"2022","copyrightHolder":{"@id":"https:\/\/www.yorku.ca\/yfile\/#organization"}},{"@type":"WebPage","@id":"https:\/\/www.yorku.ca\/yfile\/2022\/06\/24\/york-university-pausing-mandatory-face-mask-protocol\/","url":"https:\/\/www.yorku.ca\/yfile\/2022\/06\/24\/york-university-pausing-mandatory-face-mask-protocol\/","name":"快播视频 pausing mandatory face mask protocol - YFile","isPartOf":{"@id":"https:\/\/www.yorku.ca\/yfile\/#website"},"primaryImageOfPage":{"@id":"https:\/\/www.yorku.ca\/yfile\/2022\/06\/24\/york-university-pausing-mandatory-face-mask-protocol\/#primaryimage"},"image":{"@id":"https:\/\/www.yorku.ca\/yfile\/2022\/06\/24\/york-university-pausing-mandatory-face-mask-protocol\/#primaryimage"},"thumbnailUrl":"https:\/\/www.yorku.ca\/yfile\/wp-content\/uploads\/sites\/889\/2022\/04\/vari-students-ext6-copy.jpg","datePublished":"2022-06-24T19:52:08+00:00","dateModified":"2025-04-02T16:17:11+00:00","author":{"@id":"https:\/\/www.yorku.ca\/yfile\/#\/schema\/person\/21f3dffe794363be5ece4ec7f538a0c0"},"breadcrumb":{"@id":"https:\/\/www.yorku.ca\/yfile\/2022\/06\/24\/york-university-pausing-mandatory-face-mask-protocol\/#breadcrumb"},"inLanguage":"en-CA","potentialAction":[{"@type":"ReadAction","target":["https:\/\/www.yorku.ca\/yfile\/2022\/06\/24\/york-university-pausing-mandatory-face-mask-protocol\/"]}]},{"@type":"ImageObject","inLanguage":"en-CA","@id":"https:\/\/www.yorku.ca\/yfile\/2022\/06\/24\/york-university-pausing-mandatory-face-mask-protocol\/#primaryimage","url":"https:\/\/www.yorku.ca\/yfile\/wp-content\/uploads\/sites\/889\/2022\/04\/vari-students-ext6-copy.jpg","contentUrl":"https:\/\/www.yorku.ca\/yfile\/wp-content\/uploads\/sites\/889\/2022\/04\/vari-students-ext6-copy.jpg","width":1800,"height":600,"caption":"Students stand outside of Vari Hall on York's Keele Campus"},{"@type":"BreadcrumbList","@id":"https:\/\/www.yorku.ca\/yfile\/2022\/06\/24\/york-university-pausing-mandatory-face-mask-protocol\/#breadcrumb","itemListElement":[{"@type":"ListItem","position":1,"name":"Home","item":"https:\/\/www.yorku.ca\/yfile\/"},{"@type":"ListItem","position":2,"name":"快播视频 pausing mandatory face mask protocol"}]},{"@type":"WebSite","@id":"https:\/\/www.yorku.ca\/yfile\/#website","url":"https:\/\/www.yorku.ca\/yfile\/","name":"YFile","description":"","potentialAction":[{"@type":"SearchAction","target":{"@type":"EntryPoint","urlTemplate":"https:\/\/www.yorku.ca\/yfile\/?s={search_term_string}"},"query-input":{"@type":"PropertyValueSpecification","valueRequired":true,"valueName":"search_term_string"}}],"inLanguage":"en-CA"},{"@type":"Person","@id":"https:\/\/www.yorku.ca\/yfile\/#\/schema\/person\/21f3dffe794363be5ece4ec7f538a0c0","name":"phalfert","image":{"@type":"ImageObject","inLanguage":"en-CA","@id":"https:\/\/secure.gravatar.com\/avatar\/9e3ac8a4ede7f72dd695c074c5291e11739705deae1422de177298d5aad6d559?s=96&d=mm&r=g","url":"https:\/\/secure.gravatar.com\/avatar\/9e3ac8a4ede7f72dd695c074c5291e11739705deae1422de177298d5aad6d559?s=96&d=mm&r=g","contentUrl":"https:\/\/secure.gravatar.com\/avatar\/9e3ac8a4ede7f72dd695c074c5291e11739705deae1422de177298d5aad6d559?s=96&d=mm&r=g","caption":"phalfert"},"url":"https:\/\/www.yorku.ca\/yfile\/author\/phalfert\/"}]}},"taxonomy_info":{"category":[{"value":25,"label":"Editor's Picks"}],"post_tag":[{"value":41,"label":"COVID19"},{"value":6,"label":"Faculty"},{"value":79,"label":"Operations"},{"value":27,"label":"Staff"},{"value":12,"label":"Students"},{"value":4,"label":"YFile"}],"tags-to-show":[{"value":208,"label":"COVID19"},{"value":147,"label":"Faculty"},{"value":148,"label":"Staff"},{"value":146,"label":"Students"}]},"featured_image_src_large":["https:\/\/www.yorku.ca\/yfile\/wp-content\/uploads\/sites\/889\/2022\/04\/vari-students-ext6-copy-1024x341.jpg",1024,341,true],"author_info":{"display_name":"phalfert","author_link":"https:\/\/www.yorku.ca\/yfile\/author\/phalfert\/"},"comment_info":0,"category_info":[{"term_id":25,"name":"Editor's Picks","slug":"editors-picks","term_group":0,"term_taxonomy_id":25,"taxonomy":"category","description":"","parent":0,"count":6268,"filter":"raw","cat_ID":25,"category_count":6268,"category_description":"","cat_name":"Editor's Picks","category_nicename":"editors-picks","category_parent":0}],"tag_info":[{"term_id":41,"name":"COVID19","slug":"covid19","term_group":0,"term_taxonomy_id":41,"taxonomy":"post_tag","description":"","parent":0,"count":66,"filter":"raw"},{"term_id":6,"name":"Faculty","slug":"faculty","term_group":0,"term_taxonomy_id":6,"taxonomy":"post_tag","description":"","parent":0,"count":2009,"filter":"raw"},{"term_id":79,"name":"Operations","slug":"operations","term_group":0,"term_taxonomy_id":79,"taxonomy":"post_tag","description":"","parent":0,"count":94,"filter":"raw"},{"term_id":27,"name":"Staff","slug":"staff","term_group":0,"term_taxonomy_id":27,"taxonomy":"post_tag","description":"","parent":0,"count":597,"filter":"raw"},{"term_id":12,"name":"Students","slug":"students","term_group":0,"term_taxonomy_id":12,"taxonomy":"post_tag","description":"","parent":0,"count":1639,"filter":"raw"},{"term_id":4,"name":"YFile","slug":"yfile","term_group":0,"term_taxonomy_id":4,"taxonomy":"post_tag","description":"","parent":0,"count":5305,"filter":"raw"}],"_links":{"self":[{"href":"https:\/\/www.yorku.ca\/yfile\/wp-json\/wp\/v2\/posts\/317698","targetHints":{"allow":["GET"]}}],"collection":[{"href":"https:\/\/www.yorku.ca\/yfile\/wp-json\/wp\/v2\/posts"}],"about":[{"href":"https:\/\/www.yorku.ca\/yfile\/wp-json\/wp\/v2\/types\/post"}],"author":[{"embeddable":true,"href":"https:\/\/www.yorku.ca\/yfile\/wp-json\/wp\/v2\/users\/5"}],"replies":[{"embeddable":true,"href":"https:\/\/www.yorku.ca\/yfile\/wp-json\/wp\/v2\/comments?post=317698"}],"version-history":[{"count":1,"href":"https:\/\/www.yorku.ca\/yfile\/wp-json\/wp\/v2\/posts\/317698\/revisions"}],"predecessor-version":[{"id":391743,"href":"https:\/\/www.yorku.ca\/yfile\/wp-json\/wp\/v2\/posts\/317698\/revisions\/391743"}],"wp:featuredmedia":[{"embeddable":true,"href":"https:\/\/www.yorku.ca\/yfile\/wp-json\/wp\/v2\/media\/313316"}],"wp:attachment":[{"href":"https:\/\/www.yorku.ca\/yfile\/wp-json\/wp\/v2\/media?parent=317698"}],"wp:term":[{"taxonomy":"category","embeddable":true,"href":"https:\/\/www.yorku.ca\/yfile\/wp-json\/wp\/v2\/categories?post=317698"},{"taxonomy":"post_tag","embeddable":true,"href":"https:\/\/www.yorku.ca\/yfile\/wp-json\/wp\/v2\/tags?post=317698"},{"taxonomy":"yfileauthor","embeddable":true,"href":"https:\/\/www.yorku.ca\/yfile\/wp-json\/wp\/v2\/yfileauthor?post=317698"},{"taxonomy":"qualifier","embeddable":true,"href":"https:\/\/www.yorku.ca\/yfile\/wp-json\/wp\/v2\/qualifier?post=317698"},{"taxonomy":"yfile-author","embeddable":true,"href":"https:\/\/www.yorku.ca\/yfile\/wp-json\/wp\/v2\/yfile-author?post=317698"},{"taxonomy":"tags-to-show","embeddable":true,"href":"https:\/\/www.yorku.ca\/yfile\/wp-json\/wp\/v2\/tags-to-show?post=317698"},{"taxonomy":"workflow","embeddable":true,"href":"https:\/\/www.yorku.ca\/yfile\/wp-json\/wp\/v2\/workflow?post=317698"}],"curies":[{"name":"wp","href":"https:\/\/api.w.org\/{rel}","templated":true}]}}