  {"id":324804,"date":"2022-11-16T16:43:07","date_gmt":"2022-11-16T21:43:07","guid":{"rendered":"https:\/\/yfile.news.yorku.ca\/?p=324804"},"modified":"2025-04-02T12:22:59","modified_gmt":"2025-04-02T16:22:59","slug":"statement-international-transgender-day-of-remembrance","status":"publish","type":"post","link":"https:\/\/www.yorku.ca\/yfile\/2022\/11\/16\/statement-international-transgender-day-of-remembrance\/","title":{"rendered":"Statement: International Transgender Day of Remembrance"},"content":{"rendered":"\n<p><em>La version fran\u00e7aise suit la version anglaise.<\/em><\/p>\n\n\n\n<p>On Nov. 20, we recognize the Transgender Day of Remembrance (TDOR). TDOR is an annual observance that honours the memory of Trans, Two-Spirit, non-binary and gender-diverse people whose lives were lost in acts of anti-trans violence due to discrimination, stigma and hate. TDOR was started in 1999 by trans advocate Gwendolyn Ann Smith as a vigil to honour the memory of Rita Hester, a Black Trans woman who was killed in 1998. To this day, Hester's murder remains unsolved. In addition to the violence and discrimination that Trans, Two-Spirit, non-binary and gender diverse people face, it is important to remember that Trans Black, Indigenous and People of Colour (BIPOC) continue to be disproportionately affected by acts of violence, discrimination and transphobia.<\/p>\n\n\n\n<p>There is much work to be done to educate and raise awareness about gender-based violence in our communities. At York, we believe that universities can and must play an important role in leading by example. The <a rel=\"noreferrer noopener\" href=\"https:\/\/rights.info.yorku.ca\/resources\/\" target=\"_blank\">Centre for Human Rights, Equity and Inclusion<\/a>, for example, offers a variety of resources for students, staff and faculty with the aim of promoting a respectful, equitable, diverse and inclusive University community. A French language session on positive spaces (Cr\u00e9er et maintenir des espaces positifs) will be held on Nov. 17 from 1 to 2:30 p.m. as part of the ongoing <a rel=\"noreferrer noopener\" href=\"https:\/\/rights.info.yorku.ca\/2022-fall-workshops\/\" target=\"_blank\">REDDI Series for the Fall\/Winter<\/a>. <a rel=\"noreferrer noopener\" href=\"https:\/\/rights.info.yorku.ca\/resources\/\" target=\"_blank\">Learn more here about available resources<\/a>.<\/p>\n\n\n\n<p>Core to York\u2019s values is to champion diversity and inclusivity, embracing different perspectives, peoples, and ways of knowing, and fostering global fluencies and cross-cultural knowledges. York stands in solidarity with the Trans, Two-Spirit, non-binary and gender diverse community in the fight towards civil and social rights, justice and equity.\u00a0Everyone, regardless of how they identify, deserves to feel a sense of belonging. <a href=\"https:\/\/rights.info.yorku.ca\/2022\/11\/trans-day-of-remembrance\/\" data-type=\"URL\" data-id=\"https:\/\/rights.info.yorku.ca\/2022\/11\/trans-day-of-remembrance\/\" target=\"_blank\" rel=\"noreferrer noopener\">Learn more about what you can do to support TDOR<\/a>.<\/p>\n\n\n\n<p>Join us on Nov. 21 for a TDOR Vigil in Vari Hall from noon to 2 p.m. All are welcome. Learn more about the event <a href=\"https:\/\/rights.info.yorku.ca\/2022\/11\/trans-day-of-remembrance\/\" target=\"_blank\" rel=\"noreferrer noopener\">here<\/a>.<\/p>\n\n\n\n<p>Thank you. Merci. Miigwech,<\/p>\n\n\n\n<p><strong>Rhonda Lenton&nbsp;<br>President and Vice-Chancellor&nbsp; <br><br>Sheila Cote-Meek&nbsp;<br>Vice-President, Equity, People &amp; Culture&nbsp;<\/strong><\/p>\n\n\n\n<hr class=\"wp-block-separator\"\/>\n\n\n\n<h2 class=\"wp-block-heading\" id=\"declaration-sur-la-journee-internationale-du-souvenir-trans\">D\u00e9claration sur la Journ\u00e9e internationale du Souvenir trans<\/h2>\n\n\n\n<p>Le 20&nbsp;novembre, nous c\u00e9l\u00e9brons la Journ\u00e9e du Souvenir trans (TDOR). TDOR est une comm\u00e9moration annuelle qui honore la m\u00e9moire des personnes trans, bispirituelles, non binaires et de genre divers dont la vie a \u00e9t\u00e9 enlev\u00e9e par des actes de violence transphobes en raison de la discrimination, de la stigmatisation et de la haine. TDOR a \u00e9t\u00e9 lanc\u00e9 sous forme de veille en 1999 par la militante transgenre Gwendolyn Ann Smith pour honorer la m\u00e9moire de Rita Hester, une femme noire transgenre qui a \u00e9t\u00e9 tu\u00e9e en 1998. \u00c0 ce jour, le meurtre de Rita demeure non r\u00e9solu.<\/p>\n\n\n\n<p>En plus de la violence et de la discrimination auxquelles sont confront\u00e9es les personnes trans, bispirituelles, non binaires et de genre diff\u00e9rent, il est important de se rappeler que les personnes trans autochtones, noires et de couleur (PANDC) continuent d\u2019\u00eatre touch\u00e9es de mani\u00e8re disproportionn\u00e9e par les actes de violence, de discrimination et de transphobie.<\/p>\n\n\n\n<p>Il reste beaucoup \u00e0 faire pour former et sensibiliser \u00e0 la violence sexiste dans nos communaut\u00e9s. \u00c0 York, nous pensons que les universit\u00e9s peuvent et doivent jouer un r\u00f4le important en montrant l\u2019exemple. Par exemple, le <a href=\"https:\/\/rights.info.yorku.ca\/resources\/\">Centre des droits de la personne, de l\u2019\u00e9quit\u00e9 et de l\u2019inclusion<\/a>, offre diverses ressources aux membres de la communaut\u00e9 \u00e9tudiante, du personnel et du corps professoral dans le but de promouvoir une communaut\u00e9 universitaire respectueuse, \u00e9quitable, diverse et inclusive. Une s\u00e9ance en fran\u00e7ais sur le th\u00e8me Cr\u00e9er et maintenir des espaces positifs (Positive Spaces) aura lieu le 17&nbsp;novembre de 13&nbsp;h \u00e0 14&nbsp;h&nbsp;30 dans le cadre de la <a href=\"https:\/\/rights.info.yorku.ca\/2022-fall-workshops\/\">s\u00e9rie REDDI pour l\u2019automne\/hiver<\/a>. <a href=\"https:\/\/rights.info.yorku.ca\/resources\/\">Apprenez-en plus ici sur les ressources disponibles<\/a>.<\/p>\n\n\n\n<p>Au c\u0153ur des valeurs de York se trouve la d\u00e9fense de la diversit\u00e9 et de l\u2019inclusion en accueillant des perspectives, des personnes et des modes de connaissance diff\u00e9rents et en encourageant des savoirs mondiaux et des connaissances interculturelles. York est solidaire de la communaut\u00e9 trans, bispirituelle, non binaire et de la communaut\u00e9 de la diversit\u00e9 des genres dans la lutte pour les droits civils et sociaux, la justice et l\u2019\u00e9quit\u00e9.\u00a0Toute personne, quelle que soit son identit\u00e9, m\u00e9rite de ressentir un sentiment d\u2019appartenance. <a href=\"https:\/\/rights.info.yorku.ca\/2022\/11\/trans-day-of-remembrance\/\" data-type=\"URL\" data-id=\"https:\/\/rights.info.yorku.ca\/2022\/11\/trans-day-of-remembrance\/\" target=\"_blank\" rel=\"noreferrer noopener\">Apprenez-en davantage sur ce que vous pouvez faire pour soutenir la TDOR<\/a>.<\/p>\n\n\n\n<p>Rejoignez-nous le 21&nbsp;novembre pour une veille TDOR dans la salle Vari de 12&nbsp;h \u00e0 14&nbsp;h. Tout le monde est le bienvenu. Pour en savoir plus sur l\u2019\u00e9v\u00e9nement, <a href=\"https:\/\/rights.info.yorku.ca\/2022\/11\/trans-day-of-remembrance\/\">cliquez ici<\/a>.<\/p>\n\n\n\n<p>Merci. Thank you. Miigwech.<\/p>\n\n\n\n<p><strong>Rhonda Lenton&nbsp;<br>Pr\u00e9sidente et vice-chanceli\u00e8re&nbsp;<\/strong><\/p>\n\n\n\n<p><strong>Sheila Cote-Meek&nbsp;<br>Vice-pr\u00e9sidente de l\u2019\u00e9quit\u00e9, des personnes et de la culture<\/strong>&nbsp;<\/p>\n","protected":false},"excerpt":{"rendered":"<p>Transgender Day of Remembrance is an annual observance that honours the memory of transgender, Two-Spirit, non-binary and gender diverse people whose lives were lost in acts of ant-transgender violence.<\/p>\n","protected":false},"author":5,"featured_media":324809,"comment_status":"closed","ping_status":"closed","sticky":false,"template":"","format":"standard","meta":{"_acf_changed":false,"_kad_blocks_custom_css":"","_kad_blocks_head_custom_js":"","_kad_blocks_body_custom_js":"","_kad_blocks_footer_custom_js":"","footnotes":""},"categories":[25],"tags":[89,26,4],"yfileauthor":[],"qualifier":[],"yfile-author":[],"tags-to-show":[192,174],"workflow":[],"class_list":["post-324804","post","type-post","status-publish","format-standard","has-post-thumbnail","hentry","category-editors-picks","tag-lgbtq","tag-president","tag-yfile","tags-to-show-lgbtq","tags-to-show-president"],"acf":{"internal_publish_date":null,"original_image":null},"yoast_head":"<!-- This site is optimized with the Yoast SEO plugin v27.4 - https:\/\/yoast.com\/product\/yoast-seo-wordpress\/ -->\n<title>Statement: International Transgender Day of Remembrance - YFile<\/title>\n<meta name=\"robots\" content=\"index, follow, max-snippet:-1, max-image-preview:large, max-video-preview:-1\" \/>\n<link rel=\"canonical\" href=\"https:\/\/www.yorku.ca\/yfile\/2022\/11\/16\/statement-international-transgender-day-of-remembrance\/\" \/>\n<meta property=\"og:locale\" content=\"en_US\" \/>\n<meta property=\"og:type\" content=\"article\" \/>\n<meta property=\"og:title\" content=\"Statement: International Transgender Day of Remembrance - YFile\" \/>\n<meta property=\"og:description\" content=\"Transgender Day of Remembrance is an annual observance that honours the memory of transgender, Two-Spirit, non-binary and gender diverse people whose lives were lost in acts of ant-transgender violence.\" \/>\n<meta property=\"og:url\" content=\"https:\/\/www.yorku.ca\/yfile\/2022\/11\/16\/statement-international-transgender-day-of-remembrance\/\" \/>\n<meta property=\"og:site_name\" content=\"YFile\" \/>\n<meta property=\"article:published_time\" content=\"2022-11-16T21:43:07+00:00\" \/>\n<meta property=\"article:modified_time\" content=\"2025-04-02T16:22:59+00:00\" \/>\n<meta property=\"og:image\" content=\"https:\/\/www.yorku.ca\/yfile\/wp-content\/uploads\/sites\/889\/2022\/11\/shutterstock_1963091236.jpg\" \/>\n\t<meta property=\"og:image:width\" content=\"1800\" \/>\n\t<meta property=\"og:image:height\" content=\"600\" \/>\n\t<meta property=\"og:image:type\" content=\"image\/jpeg\" \/>\n<meta name=\"author\" content=\"phalfert\" \/>\n<meta name=\"twitter:card\" content=\"summary_large_image\" \/>\n<meta name=\"twitter:label1\" content=\"Written by\" \/>\n\t<meta name=\"twitter:data1\" content=\"phalfert\" \/>\n\t<meta name=\"twitter:label2\" content=\"Est. reading time\" \/>\n\t<meta name=\"twitter:data2\" content=\"4 minutes\" \/>\n<script type=\"application\/ld+json\" class=\"yoast-schema-graph\">{\"@context\":\"https:\\\/\\\/schema.org\",\"@graph\":[{\"@type\":\"Article\",\"@id\":\"https:\\\/\\\/www.yorku.ca\\\/yfile\\\/2022\\\/11\\\/16\\\/statement-international-transgender-day-of-remembrance\\\/#article\",\"isPartOf\":{\"@id\":\"https:\\\/\\\/www.yorku.ca\\\/yfile\\\/2022\\\/11\\\/16\\\/statement-international-transgender-day-of-remembrance\\\/\"},\"author\":{\"name\":\"phalfert\",\"@id\":\"https:\\\/\\\/www.yorku.ca\\\/yfile\\\/#\\\/schema\\\/person\\\/21f3dffe794363be5ece4ec7f538a0c0\"},\"headline\":\"Statement: International Transgender Day of Remembrance\",\"datePublished\":\"2022-11-16T21:43:07+00:00\",\"dateModified\":\"2025-04-02T16:22:59+00:00\",\"mainEntityOfPage\":{\"@id\":\"https:\\\/\\\/www.yorku.ca\\\/yfile\\\/2022\\\/11\\\/16\\\/statement-international-transgender-day-of-remembrance\\\/\"},\"wordCount\":823,\"image\":{\"@id\":\"https:\\\/\\\/www.yorku.ca\\\/yfile\\\/2022\\\/11\\\/16\\\/statement-international-transgender-day-of-remembrance\\\/#primaryimage\"},\"thumbnailUrl\":\"https:\\\/\\\/www.yorku.ca\\\/yfile\\\/wp-content\\\/uploads\\\/sites\\\/889\\\/2022\\\/11\\\/shutterstock_1963091236.jpg\",\"keywords\":[\"LGBTQ\",\"President\",\"YFile\"],\"articleSection\":[\"Editor's Picks\"],\"inLanguage\":\"en-CA\",\"copyrightYear\":\"2022\",\"copyrightHolder\":{\"@id\":\"https:\\\/\\\/www.yorku.ca\\\/yfile\\\/#organization\"}},{\"@type\":\"WebPage\",\"@id\":\"https:\\\/\\\/www.yorku.ca\\\/yfile\\\/2022\\\/11\\\/16\\\/statement-international-transgender-day-of-remembrance\\\/\",\"url\":\"https:\\\/\\\/www.yorku.ca\\\/yfile\\\/2022\\\/11\\\/16\\\/statement-international-transgender-day-of-remembrance\\\/\",\"name\":\"Statement: International Transgender Day of Remembrance - YFile\",\"isPartOf\":{\"@id\":\"https:\\\/\\\/www.yorku.ca\\\/yfile\\\/#website\"},\"primaryImageOfPage\":{\"@id\":\"https:\\\/\\\/www.yorku.ca\\\/yfile\\\/2022\\\/11\\\/16\\\/statement-international-transgender-day-of-remembrance\\\/#primaryimage\"},\"image\":{\"@id\":\"https:\\\/\\\/www.yorku.ca\\\/yfile\\\/2022\\\/11\\\/16\\\/statement-international-transgender-day-of-remembrance\\\/#primaryimage\"},\"thumbnailUrl\":\"https:\\\/\\\/www.yorku.ca\\\/yfile\\\/wp-content\\\/uploads\\\/sites\\\/889\\\/2022\\\/11\\\/shutterstock_1963091236.jpg\",\"datePublished\":\"2022-11-16T21:43:07+00:00\",\"dateModified\":\"2025-04-02T16:22:59+00:00\",\"author\":{\"@id\":\"https:\\\/\\\/www.yorku.ca\\\/yfile\\\/#\\\/schema\\\/person\\\/21f3dffe794363be5ece4ec7f538a0c0\"},\"breadcrumb\":{\"@id\":\"https:\\\/\\\/www.yorku.ca\\\/yfile\\\/2022\\\/11\\\/16\\\/statement-international-transgender-day-of-remembrance\\\/#breadcrumb\"},\"inLanguage\":\"en-CA\",\"potentialAction\":[{\"@type\":\"ReadAction\",\"target\":[\"https:\\\/\\\/www.yorku.ca\\\/yfile\\\/2022\\\/11\\\/16\\\/statement-international-transgender-day-of-remembrance\\\/\"]}]},{\"@type\":\"ImageObject\",\"inLanguage\":\"en-CA\",\"@id\":\"https:\\\/\\\/www.yorku.ca\\\/yfile\\\/2022\\\/11\\\/16\\\/statement-international-transgender-day-of-remembrance\\\/#primaryimage\",\"url\":\"https:\\\/\\\/www.yorku.ca\\\/yfile\\\/wp-content\\\/uploads\\\/sites\\\/889\\\/2022\\\/11\\\/shutterstock_1963091236.jpg\",\"contentUrl\":\"https:\\\/\\\/www.yorku.ca\\\/yfile\\\/wp-content\\\/uploads\\\/sites\\\/889\\\/2022\\\/11\\\/shutterstock_1963091236.jpg\",\"width\":1800,\"height\":600,\"caption\":\"Transgender flag waving against blue sky,\"},{\"@type\":\"BreadcrumbList\",\"@id\":\"https:\\\/\\\/www.yorku.ca\\\/yfile\\\/2022\\\/11\\\/16\\\/statement-international-transgender-day-of-remembrance\\\/#breadcrumb\",\"itemListElement\":[{\"@type\":\"ListItem\",\"position\":1,\"name\":\"Home\",\"item\":\"https:\\\/\\\/www.yorku.ca\\\/yfile\\\/\"},{\"@type\":\"ListItem\",\"position\":2,\"name\":\"Statement: International Transgender Day of Remembrance\"}]},{\"@type\":\"WebSite\",\"@id\":\"https:\\\/\\\/www.yorku.ca\\\/yfile\\\/#website\",\"url\":\"https:\\\/\\\/www.yorku.ca\\\/yfile\\\/\",\"name\":\"YFile\",\"description\":\"\",\"potentialAction\":[{\"@type\":\"SearchAction\",\"target\":{\"@type\":\"EntryPoint\",\"urlTemplate\":\"https:\\\/\\\/www.yorku.ca\\\/yfile\\\/?s={search_term_string}\"},\"query-input\":{\"@type\":\"PropertyValueSpecification\",\"valueRequired\":true,\"valueName\":\"search_term_string\"}}],\"inLanguage\":\"en-CA\"},{\"@type\":\"Person\",\"@id\":\"https:\\\/\\\/www.yorku.ca\\\/yfile\\\/#\\\/schema\\\/person\\\/21f3dffe794363be5ece4ec7f538a0c0\",\"name\":\"phalfert\",\"image\":{\"@type\":\"ImageObject\",\"inLanguage\":\"en-CA\",\"@id\":\"https:\\\/\\\/secure.gravatar.com\\\/avatar\\\/9e3ac8a4ede7f72dd695c074c5291e11739705deae1422de177298d5aad6d559?s=96&d=mm&r=g\",\"url\":\"https:\\\/\\\/secure.gravatar.com\\\/avatar\\\/9e3ac8a4ede7f72dd695c074c5291e11739705deae1422de177298d5aad6d559?s=96&d=mm&r=g\",\"contentUrl\":\"https:\\\/\\\/secure.gravatar.com\\\/avatar\\\/9e3ac8a4ede7f72dd695c074c5291e11739705deae1422de177298d5aad6d559?s=96&d=mm&r=g\",\"caption\":\"phalfert\"},\"url\":\"https:\\\/\\\/www.yorku.ca\\\/yfile\\\/author\\\/phalfert\\\/\"}]}<\/script>\n<!-- \/ Yoast SEO plugin. -->","yoast_head_json":{"title":"Statement: International Transgender Day of Remembrance - YFile","robots":{"index":"index","follow":"follow","max-snippet":"max-snippet:-1","max-image-preview":"max-image-preview:large","max-video-preview":"max-video-preview:-1"},"canonical":"https:\/\/www.yorku.ca\/yfile\/2022\/11\/16\/statement-international-transgender-day-of-remembrance\/","og_locale":"en_US","og_type":"article","og_title":"Statement: International Transgender Day of Remembrance - YFile","og_description":"Transgender Day of Remembrance is an annual observance that honours the memory of transgender, Two-Spirit, non-binary and gender diverse people whose lives were lost in acts of ant-transgender violence.","og_url":"https:\/\/www.yorku.ca\/yfile\/2022\/11\/16\/statement-international-transgender-day-of-remembrance\/","og_site_name":"YFile","article_published_time":"2022-11-16T21:43:07+00:00","article_modified_time":"2025-04-02T16:22:59+00:00","og_image":[{"width":1800,"height":600,"url":"https:\/\/www.yorku.ca\/yfile\/wp-content\/uploads\/sites\/889\/2022\/11\/shutterstock_1963091236.jpg","type":"image\/jpeg"}],"author":"phalfert","twitter_card":"summary_large_image","twitter_misc":{"Written by":"phalfert","Est. reading time":"4 minutes"},"schema":{"@context":"https:\/\/schema.org","@graph":[{"@type":"Article","@id":"https:\/\/www.yorku.ca\/yfile\/2022\/11\/16\/statement-international-transgender-day-of-remembrance\/#article","isPartOf":{"@id":"https:\/\/www.yorku.ca\/yfile\/2022\/11\/16\/statement-international-transgender-day-of-remembrance\/"},"author":{"name":"phalfert","@id":"https:\/\/www.yorku.ca\/yfile\/#\/schema\/person\/21f3dffe794363be5ece4ec7f538a0c0"},"headline":"Statement: International Transgender Day of Remembrance","datePublished":"2022-11-16T21:43:07+00:00","dateModified":"2025-04-02T16:22:59+00:00","mainEntityOfPage":{"@id":"https:\/\/www.yorku.ca\/yfile\/2022\/11\/16\/statement-international-transgender-day-of-remembrance\/"},"wordCount":823,"image":{"@id":"https:\/\/www.yorku.ca\/yfile\/2022\/11\/16\/statement-international-transgender-day-of-remembrance\/#primaryimage"},"thumbnailUrl":"https:\/\/www.yorku.ca\/yfile\/wp-content\/uploads\/sites\/889\/2022\/11\/shutterstock_1963091236.jpg","keywords":["LGBTQ","President","YFile"],"articleSection":["Editor's Picks"],"inLanguage":"en-CA","copyrightYear":"2022","copyrightHolder":{"@id":"https:\/\/www.yorku.ca\/yfile\/#organization"}},{"@type":"WebPage","@id":"https:\/\/www.yorku.ca\/yfile\/2022\/11\/16\/statement-international-transgender-day-of-remembrance\/","url":"https:\/\/www.yorku.ca\/yfile\/2022\/11\/16\/statement-international-transgender-day-of-remembrance\/","name":"Statement: International Transgender Day of Remembrance - YFile","isPartOf":{"@id":"https:\/\/www.yorku.ca\/yfile\/#website"},"primaryImageOfPage":{"@id":"https:\/\/www.yorku.ca\/yfile\/2022\/11\/16\/statement-international-transgender-day-of-remembrance\/#primaryimage"},"image":{"@id":"https:\/\/www.yorku.ca\/yfile\/2022\/11\/16\/statement-international-transgender-day-of-remembrance\/#primaryimage"},"thumbnailUrl":"https:\/\/www.yorku.ca\/yfile\/wp-content\/uploads\/sites\/889\/2022\/11\/shutterstock_1963091236.jpg","datePublished":"2022-11-16T21:43:07+00:00","dateModified":"2025-04-02T16:22:59+00:00","author":{"@id":"https:\/\/www.yorku.ca\/yfile\/#\/schema\/person\/21f3dffe794363be5ece4ec7f538a0c0"},"breadcrumb":{"@id":"https:\/\/www.yorku.ca\/yfile\/2022\/11\/16\/statement-international-transgender-day-of-remembrance\/#breadcrumb"},"inLanguage":"en-CA","potentialAction":[{"@type":"ReadAction","target":["https:\/\/www.yorku.ca\/yfile\/2022\/11\/16\/statement-international-transgender-day-of-remembrance\/"]}]},{"@type":"ImageObject","inLanguage":"en-CA","@id":"https:\/\/www.yorku.ca\/yfile\/2022\/11\/16\/statement-international-transgender-day-of-remembrance\/#primaryimage","url":"https:\/\/www.yorku.ca\/yfile\/wp-content\/uploads\/sites\/889\/2022\/11\/shutterstock_1963091236.jpg","contentUrl":"https:\/\/www.yorku.ca\/yfile\/wp-content\/uploads\/sites\/889\/2022\/11\/shutterstock_1963091236.jpg","width":1800,"height":600,"caption":"Transgender flag waving against blue sky,"},{"@type":"BreadcrumbList","@id":"https:\/\/www.yorku.ca\/yfile\/2022\/11\/16\/statement-international-transgender-day-of-remembrance\/#breadcrumb","itemListElement":[{"@type":"ListItem","position":1,"name":"Home","item":"https:\/\/www.yorku.ca\/yfile\/"},{"@type":"ListItem","position":2,"name":"Statement: International Transgender Day of Remembrance"}]},{"@type":"WebSite","@id":"https:\/\/www.yorku.ca\/yfile\/#website","url":"https:\/\/www.yorku.ca\/yfile\/","name":"YFile","description":"","potentialAction":[{"@type":"SearchAction","target":{"@type":"EntryPoint","urlTemplate":"https:\/\/www.yorku.ca\/yfile\/?s={search_term_string}"},"query-input":{"@type":"PropertyValueSpecification","valueRequired":true,"valueName":"search_term_string"}}],"inLanguage":"en-CA"},{"@type":"Person","@id":"https:\/\/www.yorku.ca\/yfile\/#\/schema\/person\/21f3dffe794363be5ece4ec7f538a0c0","name":"phalfert","image":{"@type":"ImageObject","inLanguage":"en-CA","@id":"https:\/\/secure.gravatar.com\/avatar\/9e3ac8a4ede7f72dd695c074c5291e11739705deae1422de177298d5aad6d559?s=96&d=mm&r=g","url":"https:\/\/secure.gravatar.com\/avatar\/9e3ac8a4ede7f72dd695c074c5291e11739705deae1422de177298d5aad6d559?s=96&d=mm&r=g","contentUrl":"https:\/\/secure.gravatar.com\/avatar\/9e3ac8a4ede7f72dd695c074c5291e11739705deae1422de177298d5aad6d559?s=96&d=mm&r=g","caption":"phalfert"},"url":"https:\/\/www.yorku.ca\/yfile\/author\/phalfert\/"}]}},"taxonomy_info":{"category":[{"value":25,"label":"Editor's Picks"}],"post_tag":[{"value":89,"label":"LGBTQ"},{"value":26,"label":"President"},{"value":4,"label":"YFile"}],"tags-to-show":[{"value":192,"label":"LGBTQ"},{"value":174,"label":"President"}]},"featured_image_src_large":["https:\/\/www.yorku.ca\/yfile\/wp-content\/uploads\/sites\/889\/2022\/11\/shutterstock_1963091236-1024x341.jpg",1024,341,true],"author_info":{"display_name":"phalfert","author_link":"https:\/\/www.yorku.ca\/yfile\/author\/phalfert\/"},"comment_info":0,"category_info":[{"term_id":25,"name":"Editor's Picks","slug":"editors-picks","term_group":0,"term_taxonomy_id":25,"taxonomy":"category","description":"","parent":0,"count":6268,"filter":"raw","cat_ID":25,"category_count":6268,"category_description":"","cat_name":"Editor's Picks","category_nicename":"editors-picks","category_parent":0}],"tag_info":[{"term_id":89,"name":"LGBTQ","slug":"lgbtq","term_group":0,"term_taxonomy_id":89,"taxonomy":"post_tag","description":"","parent":0,"count":66,"filter":"raw"},{"term_id":26,"name":"President","slug":"president","term_group":0,"term_taxonomy_id":26,"taxonomy":"post_tag","description":"","parent":0,"count":405,"filter":"raw"},{"term_id":4,"name":"YFile","slug":"yfile","term_group":0,"term_taxonomy_id":4,"taxonomy":"post_tag","description":"","parent":0,"count":5305,"filter":"raw"}],"_links":{"self":[{"href":"https:\/\/www.yorku.ca\/yfile\/wp-json\/wp\/v2\/posts\/324804","targetHints":{"allow":["GET"]}}],"collection":[{"href":"https:\/\/www.yorku.ca\/yfile\/wp-json\/wp\/v2\/posts"}],"about":[{"href":"https:\/\/www.yorku.ca\/yfile\/wp-json\/wp\/v2\/types\/post"}],"author":[{"embeddable":true,"href":"https:\/\/www.yorku.ca\/yfile\/wp-json\/wp\/v2\/users\/5"}],"replies":[{"embeddable":true,"href":"https:\/\/www.yorku.ca\/yfile\/wp-json\/wp\/v2\/comments?post=324804"}],"version-history":[{"count":1,"href":"https:\/\/www.yorku.ca\/yfile\/wp-json\/wp\/v2\/posts\/324804\/revisions"}],"predecessor-version":[{"id":392220,"href":"https:\/\/www.yorku.ca\/yfile\/wp-json\/wp\/v2\/posts\/324804\/revisions\/392220"}],"wp:featuredmedia":[{"embeddable":true,"href":"https:\/\/www.yorku.ca\/yfile\/wp-json\/wp\/v2\/media\/324809"}],"wp:attachment":[{"href":"https:\/\/www.yorku.ca\/yfile\/wp-json\/wp\/v2\/media?parent=324804"}],"wp:term":[{"taxonomy":"category","embeddable":true,"href":"https:\/\/www.yorku.ca\/yfile\/wp-json\/wp\/v2\/categories?post=324804"},{"taxonomy":"post_tag","embeddable":true,"href":"https:\/\/www.yorku.ca\/yfile\/wp-json\/wp\/v2\/tags?post=324804"},{"taxonomy":"yfileauthor","embeddable":true,"href":"https:\/\/www.yorku.ca\/yfile\/wp-json\/wp\/v2\/yfileauthor?post=324804"},{"taxonomy":"qualifier","embeddable":true,"href":"https:\/\/www.yorku.ca\/yfile\/wp-json\/wp\/v2\/qualifier?post=324804"},{"taxonomy":"yfile-author","embeddable":true,"href":"https:\/\/www.yorku.ca\/yfile\/wp-json\/wp\/v2\/yfile-author?post=324804"},{"taxonomy":"tags-to-show","embeddable":true,"href":"https:\/\/www.yorku.ca\/yfile\/wp-json\/wp\/v2\/tags-to-show?post=324804"},{"taxonomy":"workflow","embeddable":true,"href":"https:\/\/www.yorku.ca\/yfile\/wp-json\/wp\/v2\/workflow?post=324804"}],"curies":[{"name":"wp","href":"https:\/\/api.w.org\/{rel}","templated":true}]}}