  {"id":355712,"date":"2024-06-12T15:16:07","date_gmt":"2024-06-12T19:16:07","guid":{"rendered":"https:\/\/yfile.news.yorku.ca\/?p=355712"},"modified":"2025-04-02T12:46:59","modified_gmt":"2025-04-02T16:46:59","slug":"luniversite-york-se-hisse-parmi-les-35-premiers-rangs-du-palmares-times-higher-education-impact","status":"publish","type":"post","link":"https:\/\/www.yorku.ca\/yfile\/2024\/06\/12\/luniversite-york-se-hisse-parmi-les-35-premiers-rangs-du-palmares-times-higher-education-impact\/","title":{"rendered":"L\u2019Universit\u00e9 York se hisse parmi les 35\u00a0premiers rangs du palmar\u00e8s Times Higher Education Impact"},"content":{"rendered":"\n<p>Chers coll\u00e8gues, ch\u00e8res coll\u00e8gues,<\/p>\n\n\n\n<p>L\u2019Universit\u00e9 York a fait un bond impressionnant de cinq places pour figurer parmi les 35&nbsp;meilleurs \u00e9tablissements au monde pour la promotion des 17&nbsp;objectifs de d\u00e9veloppement durable (ODD) des Nations Unies, selon le palmar\u00e8s Times Higher Education Impact de cette ann\u00e9e, publi\u00e9 aujourd\u2019hui.<\/p>\n\n\n\n<p>Ces r\u00e9sultats t\u00e9moignent de la reconnaissance croissante du leadership mondial de York dans le domaine des <a href=\"https:\/\/www.yorku.ca\/uap2020-25\/fr\/repondre-a-lappel\/\">ODD<\/a>. Ils ont \u00e9t\u00e9 rendus possibles gr\u00e2ce aux efforts de tous nos artisans du changement&nbsp;: membres du corps professoral et enseignant, du personnel, de la population \u00e9tudiante et de la communaut\u00e9 des dipl\u00f4m\u00e9s ainsi que nos nombreux partenaires. C\u2019est votre engagement en faveur de nos valeurs communes de durabilit\u00e9, d\u2019inclusion et d\u2019\u00e9quit\u00e9 qui nous a permis d\u2019obtenir notre meilleur classement \u00e0 ce jour.<\/p>\n\n\n\n<p>Au nom de l\u2019Universit\u00e9, nous vous remercions pour vos contributions individuelles et vos efforts collectifs dans la recherche interdisciplinaire, l\u2019enseignement et une myriade d\u2019initiatives sur le campus et de projets communautaires, qui ont conduit \u00e0 ce succ\u00e8s.<\/p>\n\n\n\n<p>Avec plus de 300&nbsp;universit\u00e9s suppl\u00e9mentaires ayant rejoint le classement cette ann\u00e9e, York a conserv\u00e9 sa position de leader parmi plus de 2&nbsp;100&nbsp;universit\u00e9s dans le monde pour la sixi\u00e8me ann\u00e9e cons\u00e9cutive. York est particuli\u00e8rement bien plac\u00e9e au niveau mondial dans les cat\u00e9gories suivantes&nbsp;:&nbsp;<\/p>\n\n\n\n<ul class=\"wp-block-list\">\n<li>ODD&nbsp;1 (Pas de pauvret\u00e9) \u2013<strong> n\u00b0&nbsp;2 dans le monde <\/strong>et<strong> n\u00b0&nbsp;1 au Canada<\/strong><\/li>\n\n\n\n<li>ODD&nbsp;10 (R\u00e9duction des in\u00e9galit\u00e9s) \u2013 <strong>n<sup>o<\/sup>&nbsp;33 dans le monde<\/strong> et <strong>n<sup>o<\/sup>&nbsp;1 au Canada<\/strong><\/li>\n\n\n\n<li>ODD&nbsp;11 (Villes et communaut\u00e9s durables) \u2013 <strong>n<sup>o<\/sup>&nbsp;13 dans le monde, <\/strong><em>ex \u00e6quo<\/em><\/li>\n<\/ul>\n\n\n\n<p>Toute la communaut\u00e9 de York peut s\u2019enorgueillir de ce succ\u00e8s. Nous nous r\u00e9jouissons de voir la communaut\u00e9 unie pour r\u00e9aliser ensemble le <a href=\"https:\/\/www.yorku.ca\/uap2020-25\/batir-un-avenir-meilleur\/\" target=\"_blank\" rel=\"noreferrer noopener\">Plan acad\u00e9mique de l\u2019Universit\u00e9&nbsp;2020-2025<\/a> et relever le d\u00e9fi des ODD.<\/p>\n\n\n\n<p>En travaillant de concert pour susciter des changements positifs, nous permettons \u00e0 York de s\u2019attaquer aux probl\u00e8mes mondiaux les plus pressants de notre \u00e9poque.&nbsp;<a href=\"https:\/\/www.yorku.ca\/news\/?p=19869\" target=\"_blank\" rel=\"noreferrer noopener\">Lisez l\u2019article de News@York pour plus de d\u00e9tails<\/a>.<\/p>\n\n\n\n<p>Sinc\u00e8res salutations,<\/p>\n\n\n\n<p><strong>Rhonda Lenton<br>Pr\u00e9sidente et vice-chanceli\u00e8re<\/strong><\/p>\n\n\n\n<p><strong>Lisa Philipps<br>Rectrice et vice-pr\u00e9sidente aux affaires acad\u00e9miques<\/strong><\/p>\n\n\n\n<p><strong>Amir Asif<br>Vice-pr\u00e9sident de la recherche et de l\u2019innovation<\/strong><\/p>\n\n\n\n<p>Ceux qui souhaitent partager l\u2019actualit\u00e9 dans des publications sur les r\u00e9seaux sociaux ou dans des signatures \u00e9lectroniques peuvent trouver des instructions sur la fa\u00e7on de le faire dans la bo\u00eete \u00e0 outils<a href=\"https:\/\/www.yorku.ca\/brand\/assets-downloads\/the-impact-rankings-toolkit\/\" target=\"_blank\" rel=\"noreferrer noopener\"> THE Impact Rankings toolkit<\/a>.<\/p>\n","protected":false},"excerpt":{"rendered":"<p>Chers coll\u00e8gues, ch\u00e8res coll\u00e8gues, L\u2019Universit\u00e9 York a fait un bond impressionnant de cinq places pour figurer parmi les 35&nbsp;meilleurs \u00e9tablissements au monde pour la promotion des 17&nbsp;objectifs de d\u00e9veloppement durable (ODD) des Nations Unies, selon le palmar\u00e8s Times Higher Education Impact de cette ann\u00e9e, publi\u00e9 aujourd\u2019hui. Ces r\u00e9sultats t\u00e9moignent de la reconnaissance croissante du leadership [&hellip;]<\/p>\n","protected":false},"author":2,"featured_media":355713,"comment_status":"closed","ping_status":"closed","sticky":false,"template":"","format":"standard","meta":{"_acf_changed":false,"_kad_blocks_custom_css":"","_kad_blocks_head_custom_js":"","_kad_blocks_body_custom_js":"","_kad_blocks_footer_custom_js":"","footnotes":""},"categories":[181,52],"tags":[18,29,6,9,27,12,4],"yfileauthor":[204],"qualifier":[],"yfile-author":[],"tags-to-show":[],"workflow":[],"class_list":["post-355712","post","type-post","status-publish","format-standard","has-post-thumbnail","hentry","category-francais","category-take-note","tag-awards","tag-community","tag-faculty","tag-international","tag-staff","tag-students","tag-yfile","yfileauthor-yfilestaff"],"acf":{"internal_publish_date":null,"original_image":null},"yoast_head":"<!-- This site is optimized with the Yoast SEO plugin v27.4 - https:\/\/yoast.com\/product\/yoast-seo-wordpress\/ -->\n<title>L\u2019Universit\u00e9 York se hisse parmi les 35\u00a0premiers rangs du palmar\u00e8s Times Higher Education Impact - YFile<\/title>\n<meta name=\"robots\" content=\"index, follow, max-snippet:-1, max-image-preview:large, max-video-preview:-1\" \/>\n<link rel=\"canonical\" href=\"https:\/\/www.yorku.ca\/yfile\/2024\/06\/12\/luniversite-york-se-hisse-parmi-les-35-premiers-rangs-du-palmares-times-higher-education-impact\/\" \/>\n<meta property=\"og:locale\" content=\"en_US\" \/>\n<meta property=\"og:type\" content=\"article\" \/>\n<meta property=\"og:title\" content=\"L\u2019Universit\u00e9 York se hisse parmi les 35\u00a0premiers rangs du palmar\u00e8s Times Higher Education Impact - YFile\" \/>\n<meta property=\"og:description\" content=\"Chers coll\u00e8gues, ch\u00e8res coll\u00e8gues, L\u2019Universit\u00e9 York a fait un bond impressionnant de cinq places pour figurer parmi les 35&nbsp;meilleurs \u00e9tablissements au monde pour la promotion des 17&nbsp;objectifs de d\u00e9veloppement durable (ODD) des Nations Unies, selon le palmar\u00e8s Times Higher Education Impact de cette ann\u00e9e, publi\u00e9 aujourd\u2019hui. Ces r\u00e9sultats t\u00e9moignent de la reconnaissance croissante du leadership [&hellip;]\" \/>\n<meta property=\"og:url\" content=\"https:\/\/www.yorku.ca\/yfile\/2024\/06\/12\/luniversite-york-se-hisse-parmi-les-35-premiers-rangs-du-palmares-times-higher-education-impact\/\" \/>\n<meta property=\"og:site_name\" content=\"YFile\" \/>\n<meta property=\"article:published_time\" content=\"2024-06-12T19:16:07+00:00\" \/>\n<meta property=\"article:modified_time\" content=\"2025-04-02T16:46:59+00:00\" \/>\n<meta property=\"og:image\" content=\"https:\/\/www.yorku.ca\/yfile\/wp-content\/uploads\/sites\/889\/2024\/06\/THE-2024-General_YFile-Story-scaled-1.jpg\" \/>\n\t<meta property=\"og:image:width\" content=\"2560\" \/>\n\t<meta property=\"og:image:height\" content=\"853\" \/>\n\t<meta property=\"og:image:type\" content=\"image\/jpeg\" \/>\n<meta name=\"author\" content=\"Alice\" \/>\n<meta name=\"twitter:card\" content=\"summary_large_image\" \/>\n<meta name=\"twitter:label1\" content=\"Written by\" \/>\n\t<meta name=\"twitter:data1\" content=\"Alice\" \/>\n\t<meta name=\"twitter:label2\" content=\"Est. reading time\" \/>\n\t<meta name=\"twitter:data2\" content=\"2 minutes\" \/>\n<script type=\"application\/ld+json\" class=\"yoast-schema-graph\">{\"@context\":\"https:\\\/\\\/schema.org\",\"@graph\":[{\"@type\":\"Article\",\"@id\":\"https:\\\/\\\/www.yorku.ca\\\/yfile\\\/2024\\\/06\\\/12\\\/luniversite-york-se-hisse-parmi-les-35-premiers-rangs-du-palmares-times-higher-education-impact\\\/#article\",\"isPartOf\":{\"@id\":\"https:\\\/\\\/www.yorku.ca\\\/yfile\\\/2024\\\/06\\\/12\\\/luniversite-york-se-hisse-parmi-les-35-premiers-rangs-du-palmares-times-higher-education-impact\\\/\"},\"author\":{\"name\":\"Alice\",\"@id\":\"https:\\\/\\\/www.yorku.ca\\\/yfile\\\/#\\\/schema\\\/person\\\/555323af96f785844a2bc6993a4ac1ca\"},\"headline\":\"L\u2019Universit\u00e9 York se hisse parmi les 35\u00a0premiers rangs du palmar\u00e8s Times Higher Education Impact\",\"datePublished\":\"2024-06-12T19:16:07+00:00\",\"dateModified\":\"2025-04-02T16:46:59+00:00\",\"mainEntityOfPage\":{\"@id\":\"https:\\\/\\\/www.yorku.ca\\\/yfile\\\/2024\\\/06\\\/12\\\/luniversite-york-se-hisse-parmi-les-35-premiers-rangs-du-palmares-times-higher-education-impact\\\/\"},\"wordCount\":449,\"image\":{\"@id\":\"https:\\\/\\\/www.yorku.ca\\\/yfile\\\/2024\\\/06\\\/12\\\/luniversite-york-se-hisse-parmi-les-35-premiers-rangs-du-palmares-times-higher-education-impact\\\/#primaryimage\"},\"thumbnailUrl\":\"https:\\\/\\\/www.yorku.ca\\\/yfile\\\/wp-content\\\/uploads\\\/sites\\\/889\\\/2024\\\/06\\\/THE-2024-General_YFile-Story-scaled-1.jpg\",\"keywords\":[\"Awards\",\"Community\",\"Faculty\",\"International\",\"Staff\",\"Students\",\"YFile\"],\"articleSection\":[\"Fran\u00e7ais\",\"Take Note\"],\"inLanguage\":\"en-CA\",\"copyrightYear\":\"2024\",\"copyrightHolder\":{\"@id\":\"https:\\\/\\\/www.yorku.ca\\\/yfile\\\/#organization\"}},{\"@type\":\"WebPage\",\"@id\":\"https:\\\/\\\/www.yorku.ca\\\/yfile\\\/2024\\\/06\\\/12\\\/luniversite-york-se-hisse-parmi-les-35-premiers-rangs-du-palmares-times-higher-education-impact\\\/\",\"url\":\"https:\\\/\\\/www.yorku.ca\\\/yfile\\\/2024\\\/06\\\/12\\\/luniversite-york-se-hisse-parmi-les-35-premiers-rangs-du-palmares-times-higher-education-impact\\\/\",\"name\":\"L\u2019Universit\u00e9 York se hisse parmi les 35\u00a0premiers rangs du palmar\u00e8s Times Higher Education Impact - YFile\",\"isPartOf\":{\"@id\":\"https:\\\/\\\/www.yorku.ca\\\/yfile\\\/#website\"},\"primaryImageOfPage\":{\"@id\":\"https:\\\/\\\/www.yorku.ca\\\/yfile\\\/2024\\\/06\\\/12\\\/luniversite-york-se-hisse-parmi-les-35-premiers-rangs-du-palmares-times-higher-education-impact\\\/#primaryimage\"},\"image\":{\"@id\":\"https:\\\/\\\/www.yorku.ca\\\/yfile\\\/2024\\\/06\\\/12\\\/luniversite-york-se-hisse-parmi-les-35-premiers-rangs-du-palmares-times-higher-education-impact\\\/#primaryimage\"},\"thumbnailUrl\":\"https:\\\/\\\/www.yorku.ca\\\/yfile\\\/wp-content\\\/uploads\\\/sites\\\/889\\\/2024\\\/06\\\/THE-2024-General_YFile-Story-scaled-1.jpg\",\"datePublished\":\"2024-06-12T19:16:07+00:00\",\"dateModified\":\"2025-04-02T16:46:59+00:00\",\"author\":{\"@id\":\"https:\\\/\\\/www.yorku.ca\\\/yfile\\\/#\\\/schema\\\/person\\\/555323af96f785844a2bc6993a4ac1ca\"},\"breadcrumb\":{\"@id\":\"https:\\\/\\\/www.yorku.ca\\\/yfile\\\/2024\\\/06\\\/12\\\/luniversite-york-se-hisse-parmi-les-35-premiers-rangs-du-palmares-times-higher-education-impact\\\/#breadcrumb\"},\"inLanguage\":\"en-CA\",\"potentialAction\":[{\"@type\":\"ReadAction\",\"target\":[\"https:\\\/\\\/www.yorku.ca\\\/yfile\\\/2024\\\/06\\\/12\\\/luniversite-york-se-hisse-parmi-les-35-premiers-rangs-du-palmares-times-higher-education-impact\\\/\"]}]},{\"@type\":\"ImageObject\",\"inLanguage\":\"en-CA\",\"@id\":\"https:\\\/\\\/www.yorku.ca\\\/yfile\\\/2024\\\/06\\\/12\\\/luniversite-york-se-hisse-parmi-les-35-premiers-rangs-du-palmares-times-higher-education-impact\\\/#primaryimage\",\"url\":\"https:\\\/\\\/www.yorku.ca\\\/yfile\\\/wp-content\\\/uploads\\\/sites\\\/889\\\/2024\\\/06\\\/THE-2024-General_YFile-Story-scaled-1.jpg\",\"contentUrl\":\"https:\\\/\\\/www.yorku.ca\\\/yfile\\\/wp-content\\\/uploads\\\/sites\\\/889\\\/2024\\\/06\\\/THE-2024-General_YFile-Story-scaled-1.jpg\",\"width\":2560,\"height\":853,\"caption\":\"THE 2024 General_YFile Story\"},{\"@type\":\"BreadcrumbList\",\"@id\":\"https:\\\/\\\/www.yorku.ca\\\/yfile\\\/2024\\\/06\\\/12\\\/luniversite-york-se-hisse-parmi-les-35-premiers-rangs-du-palmares-times-higher-education-impact\\\/#breadcrumb\",\"itemListElement\":[{\"@type\":\"ListItem\",\"position\":1,\"name\":\"Home\",\"item\":\"https:\\\/\\\/www.yorku.ca\\\/yfile\\\/\"},{\"@type\":\"ListItem\",\"position\":2,\"name\":\"L\u2019Universit\u00e9 York se hisse parmi les 35\u00a0premiers rangs du palmar\u00e8s Times Higher Education Impact\"}]},{\"@type\":\"WebSite\",\"@id\":\"https:\\\/\\\/www.yorku.ca\\\/yfile\\\/#website\",\"url\":\"https:\\\/\\\/www.yorku.ca\\\/yfile\\\/\",\"name\":\"YFile\",\"description\":\"\",\"potentialAction\":[{\"@type\":\"SearchAction\",\"target\":{\"@type\":\"EntryPoint\",\"urlTemplate\":\"https:\\\/\\\/www.yorku.ca\\\/yfile\\\/?s={search_term_string}\"},\"query-input\":{\"@type\":\"PropertyValueSpecification\",\"valueRequired\":true,\"valueName\":\"search_term_string\"}}],\"inLanguage\":\"en-CA\"},{\"@type\":\"Person\",\"@id\":\"https:\\\/\\\/www.yorku.ca\\\/yfile\\\/#\\\/schema\\\/person\\\/555323af96f785844a2bc6993a4ac1ca\",\"name\":\"Alice\",\"image\":{\"@type\":\"ImageObject\",\"inLanguage\":\"en-CA\",\"@id\":\"https:\\\/\\\/secure.gravatar.com\\\/avatar\\\/c56ebc2630f01187f8aec5d92288534a145bd45c2e43680366e965c166c0f7b3?s=96&d=mm&r=g\",\"url\":\"https:\\\/\\\/secure.gravatar.com\\\/avatar\\\/c56ebc2630f01187f8aec5d92288534a145bd45c2e43680366e965c166c0f7b3?s=96&d=mm&r=g\",\"contentUrl\":\"https:\\\/\\\/secure.gravatar.com\\\/avatar\\\/c56ebc2630f01187f8aec5d92288534a145bd45c2e43680366e965c166c0f7b3?s=96&d=mm&r=g\",\"caption\":\"Alice\"},\"url\":\"https:\\\/\\\/www.yorku.ca\\\/yfile\\\/author\\\/alicet\\\/\"}]}<\/script>\n<!-- \/ Yoast SEO plugin. -->","yoast_head_json":{"title":"L\u2019Universit\u00e9 York se hisse parmi les 35\u00a0premiers rangs du palmar\u00e8s Times Higher Education Impact - YFile","robots":{"index":"index","follow":"follow","max-snippet":"max-snippet:-1","max-image-preview":"max-image-preview:large","max-video-preview":"max-video-preview:-1"},"canonical":"https:\/\/www.yorku.ca\/yfile\/2024\/06\/12\/luniversite-york-se-hisse-parmi-les-35-premiers-rangs-du-palmares-times-higher-education-impact\/","og_locale":"en_US","og_type":"article","og_title":"L\u2019Universit\u00e9 York se hisse parmi les 35\u00a0premiers rangs du palmar\u00e8s Times Higher Education Impact - YFile","og_description":"Chers coll\u00e8gues, ch\u00e8res coll\u00e8gues, L\u2019Universit\u00e9 York a fait un bond impressionnant de cinq places pour figurer parmi les 35&nbsp;meilleurs \u00e9tablissements au monde pour la promotion des 17&nbsp;objectifs de d\u00e9veloppement durable (ODD) des Nations Unies, selon le palmar\u00e8s Times Higher Education Impact de cette ann\u00e9e, publi\u00e9 aujourd\u2019hui. Ces r\u00e9sultats t\u00e9moignent de la reconnaissance croissante du leadership [&hellip;]","og_url":"https:\/\/www.yorku.ca\/yfile\/2024\/06\/12\/luniversite-york-se-hisse-parmi-les-35-premiers-rangs-du-palmares-times-higher-education-impact\/","og_site_name":"YFile","article_published_time":"2024-06-12T19:16:07+00:00","article_modified_time":"2025-04-02T16:46:59+00:00","og_image":[{"width":2560,"height":853,"url":"https:\/\/www.yorku.ca\/yfile\/wp-content\/uploads\/sites\/889\/2024\/06\/THE-2024-General_YFile-Story-scaled-1.jpg","type":"image\/jpeg"}],"author":"Alice","twitter_card":"summary_large_image","twitter_misc":{"Written by":"Alice","Est. reading time":"2 minutes"},"schema":{"@context":"https:\/\/schema.org","@graph":[{"@type":"Article","@id":"https:\/\/www.yorku.ca\/yfile\/2024\/06\/12\/luniversite-york-se-hisse-parmi-les-35-premiers-rangs-du-palmares-times-higher-education-impact\/#article","isPartOf":{"@id":"https:\/\/www.yorku.ca\/yfile\/2024\/06\/12\/luniversite-york-se-hisse-parmi-les-35-premiers-rangs-du-palmares-times-higher-education-impact\/"},"author":{"name":"Alice","@id":"https:\/\/www.yorku.ca\/yfile\/#\/schema\/person\/555323af96f785844a2bc6993a4ac1ca"},"headline":"L\u2019Universit\u00e9 York se hisse parmi les 35\u00a0premiers rangs du palmar\u00e8s Times Higher Education Impact","datePublished":"2024-06-12T19:16:07+00:00","dateModified":"2025-04-02T16:46:59+00:00","mainEntityOfPage":{"@id":"https:\/\/www.yorku.ca\/yfile\/2024\/06\/12\/luniversite-york-se-hisse-parmi-les-35-premiers-rangs-du-palmares-times-higher-education-impact\/"},"wordCount":449,"image":{"@id":"https:\/\/www.yorku.ca\/yfile\/2024\/06\/12\/luniversite-york-se-hisse-parmi-les-35-premiers-rangs-du-palmares-times-higher-education-impact\/#primaryimage"},"thumbnailUrl":"https:\/\/www.yorku.ca\/yfile\/wp-content\/uploads\/sites\/889\/2024\/06\/THE-2024-General_YFile-Story-scaled-1.jpg","keywords":["Awards","Community","Faculty","International","Staff","Students","YFile"],"articleSection":["Fran\u00e7ais","Take Note"],"inLanguage":"en-CA","copyrightYear":"2024","copyrightHolder":{"@id":"https:\/\/www.yorku.ca\/yfile\/#organization"}},{"@type":"WebPage","@id":"https:\/\/www.yorku.ca\/yfile\/2024\/06\/12\/luniversite-york-se-hisse-parmi-les-35-premiers-rangs-du-palmares-times-higher-education-impact\/","url":"https:\/\/www.yorku.ca\/yfile\/2024\/06\/12\/luniversite-york-se-hisse-parmi-les-35-premiers-rangs-du-palmares-times-higher-education-impact\/","name":"L\u2019Universit\u00e9 York se hisse parmi les 35\u00a0premiers rangs du palmar\u00e8s Times Higher Education Impact - YFile","isPartOf":{"@id":"https:\/\/www.yorku.ca\/yfile\/#website"},"primaryImageOfPage":{"@id":"https:\/\/www.yorku.ca\/yfile\/2024\/06\/12\/luniversite-york-se-hisse-parmi-les-35-premiers-rangs-du-palmares-times-higher-education-impact\/#primaryimage"},"image":{"@id":"https:\/\/www.yorku.ca\/yfile\/2024\/06\/12\/luniversite-york-se-hisse-parmi-les-35-premiers-rangs-du-palmares-times-higher-education-impact\/#primaryimage"},"thumbnailUrl":"https:\/\/www.yorku.ca\/yfile\/wp-content\/uploads\/sites\/889\/2024\/06\/THE-2024-General_YFile-Story-scaled-1.jpg","datePublished":"2024-06-12T19:16:07+00:00","dateModified":"2025-04-02T16:46:59+00:00","author":{"@id":"https:\/\/www.yorku.ca\/yfile\/#\/schema\/person\/555323af96f785844a2bc6993a4ac1ca"},"breadcrumb":{"@id":"https:\/\/www.yorku.ca\/yfile\/2024\/06\/12\/luniversite-york-se-hisse-parmi-les-35-premiers-rangs-du-palmares-times-higher-education-impact\/#breadcrumb"},"inLanguage":"en-CA","potentialAction":[{"@type":"ReadAction","target":["https:\/\/www.yorku.ca\/yfile\/2024\/06\/12\/luniversite-york-se-hisse-parmi-les-35-premiers-rangs-du-palmares-times-higher-education-impact\/"]}]},{"@type":"ImageObject","inLanguage":"en-CA","@id":"https:\/\/www.yorku.ca\/yfile\/2024\/06\/12\/luniversite-york-se-hisse-parmi-les-35-premiers-rangs-du-palmares-times-higher-education-impact\/#primaryimage","url":"https:\/\/www.yorku.ca\/yfile\/wp-content\/uploads\/sites\/889\/2024\/06\/THE-2024-General_YFile-Story-scaled-1.jpg","contentUrl":"https:\/\/www.yorku.ca\/yfile\/wp-content\/uploads\/sites\/889\/2024\/06\/THE-2024-General_YFile-Story-scaled-1.jpg","width":2560,"height":853,"caption":"THE 2024 General_YFile Story"},{"@type":"BreadcrumbList","@id":"https:\/\/www.yorku.ca\/yfile\/2024\/06\/12\/luniversite-york-se-hisse-parmi-les-35-premiers-rangs-du-palmares-times-higher-education-impact\/#breadcrumb","itemListElement":[{"@type":"ListItem","position":1,"name":"Home","item":"https:\/\/www.yorku.ca\/yfile\/"},{"@type":"ListItem","position":2,"name":"L\u2019Universit\u00e9 York se hisse parmi les 35\u00a0premiers rangs du palmar\u00e8s Times Higher Education Impact"}]},{"@type":"WebSite","@id":"https:\/\/www.yorku.ca\/yfile\/#website","url":"https:\/\/www.yorku.ca\/yfile\/","name":"YFile","description":"","potentialAction":[{"@type":"SearchAction","target":{"@type":"EntryPoint","urlTemplate":"https:\/\/www.yorku.ca\/yfile\/?s={search_term_string}"},"query-input":{"@type":"PropertyValueSpecification","valueRequired":true,"valueName":"search_term_string"}}],"inLanguage":"en-CA"},{"@type":"Person","@id":"https:\/\/www.yorku.ca\/yfile\/#\/schema\/person\/555323af96f785844a2bc6993a4ac1ca","name":"Alice","image":{"@type":"ImageObject","inLanguage":"en-CA","@id":"https:\/\/secure.gravatar.com\/avatar\/c56ebc2630f01187f8aec5d92288534a145bd45c2e43680366e965c166c0f7b3?s=96&d=mm&r=g","url":"https:\/\/secure.gravatar.com\/avatar\/c56ebc2630f01187f8aec5d92288534a145bd45c2e43680366e965c166c0f7b3?s=96&d=mm&r=g","contentUrl":"https:\/\/secure.gravatar.com\/avatar\/c56ebc2630f01187f8aec5d92288534a145bd45c2e43680366e965c166c0f7b3?s=96&d=mm&r=g","caption":"Alice"},"url":"https:\/\/www.yorku.ca\/yfile\/author\/alicet\/"}]}},"taxonomy_info":{"category":[{"value":181,"label":"Fran\u00e7ais"},{"value":52,"label":"Take Note"}],"post_tag":[{"value":18,"label":"Awards"},{"value":29,"label":"Community"},{"value":6,"label":"Faculty"},{"value":9,"label":"International"},{"value":27,"label":"Staff"},{"value":12,"label":"Students"},{"value":4,"label":"YFile"}],"yfileauthor":[{"value":204,"label":"YFile Staff"}]},"featured_image_src_large":["https:\/\/www.yorku.ca\/yfile\/wp-content\/uploads\/sites\/889\/2024\/06\/THE-2024-General_YFile-Story-scaled-1-1024x341.jpg",1024,341,true],"author_info":{"display_name":"Alice","author_link":"https:\/\/www.yorku.ca\/yfile\/author\/alicet\/"},"comment_info":0,"category_info":[{"term_id":181,"name":"Fran\u00e7ais","slug":"francais","term_group":0,"term_taxonomy_id":181,"taxonomy":"category","description":"Institutional news and announcements in French.","parent":0,"count":89,"filter":"raw","cat_ID":181,"category_count":89,"category_description":"Institutional news and announcements in French.","cat_name":"Fran\u00e7ais","category_nicename":"francais","category_parent":0},{"term_id":52,"name":"Take Note","slug":"take-note","term_group":0,"term_taxonomy_id":52,"taxonomy":"category","description":"","parent":0,"count":2375,"filter":"raw","cat_ID":52,"category_count":2375,"category_description":"","cat_name":"Take Note","category_nicename":"take-note","category_parent":0}],"tag_info":[{"term_id":18,"name":"Awards","slug":"awards","term_group":0,"term_taxonomy_id":18,"taxonomy":"post_tag","description":"","parent":0,"count":663,"filter":"raw"},{"term_id":29,"name":"Community","slug":"community","term_group":0,"term_taxonomy_id":29,"taxonomy":"post_tag","description":"","parent":0,"count":966,"filter":"raw"},{"term_id":6,"name":"Faculty","slug":"faculty","term_group":0,"term_taxonomy_id":6,"taxonomy":"post_tag","description":"","parent":0,"count":2014,"filter":"raw"},{"term_id":9,"name":"International","slug":"international","term_group":0,"term_taxonomy_id":9,"taxonomy":"post_tag","description":"","parent":0,"count":369,"filter":"raw"},{"term_id":27,"name":"Staff","slug":"staff","term_group":0,"term_taxonomy_id":27,"taxonomy":"post_tag","description":"","parent":0,"count":601,"filter":"raw"},{"term_id":12,"name":"Students","slug":"students","term_group":0,"term_taxonomy_id":12,"taxonomy":"post_tag","description":"","parent":0,"count":1642,"filter":"raw"},{"term_id":4,"name":"YFile","slug":"yfile","term_group":0,"term_taxonomy_id":4,"taxonomy":"post_tag","description":"","parent":0,"count":5316,"filter":"raw"}],"_links":{"self":[{"href":"https:\/\/www.yorku.ca\/yfile\/wp-json\/wp\/v2\/posts\/355712","targetHints":{"allow":["GET"]}}],"collection":[{"href":"https:\/\/www.yorku.ca\/yfile\/wp-json\/wp\/v2\/posts"}],"about":[{"href":"https:\/\/www.yorku.ca\/yfile\/wp-json\/wp\/v2\/types\/post"}],"author":[{"embeddable":true,"href":"https:\/\/www.yorku.ca\/yfile\/wp-json\/wp\/v2\/users\/2"}],"replies":[{"embeddable":true,"href":"https:\/\/www.yorku.ca\/yfile\/wp-json\/wp\/v2\/comments?post=355712"}],"version-history":[{"count":1,"href":"https:\/\/www.yorku.ca\/yfile\/wp-json\/wp\/v2\/posts\/355712\/revisions"}],"predecessor-version":[{"id":358292,"href":"https:\/\/www.yorku.ca\/yfile\/wp-json\/wp\/v2\/posts\/355712\/revisions\/358292"}],"wp:featuredmedia":[{"embeddable":true,"href":"https:\/\/www.yorku.ca\/yfile\/wp-json\/wp\/v2\/media\/355713"}],"wp:attachment":[{"href":"https:\/\/www.yorku.ca\/yfile\/wp-json\/wp\/v2\/media?parent=355712"}],"wp:term":[{"taxonomy":"category","embeddable":true,"href":"https:\/\/www.yorku.ca\/yfile\/wp-json\/wp\/v2\/categories?post=355712"},{"taxonomy":"post_tag","embeddable":true,"href":"https:\/\/www.yorku.ca\/yfile\/wp-json\/wp\/v2\/tags?post=355712"},{"taxonomy":"yfileauthor","embeddable":true,"href":"https:\/\/www.yorku.ca\/yfile\/wp-json\/wp\/v2\/yfileauthor?post=355712"},{"taxonomy":"qualifier","embeddable":true,"href":"https:\/\/www.yorku.ca\/yfile\/wp-json\/wp\/v2\/qualifier?post=355712"},{"taxonomy":"yfile-author","embeddable":true,"href":"https:\/\/www.yorku.ca\/yfile\/wp-json\/wp\/v2\/yfile-author?post=355712"},{"taxonomy":"tags-to-show","embeddable":true,"href":"https:\/\/www.yorku.ca\/yfile\/wp-json\/wp\/v2\/tags-to-show?post=355712"},{"taxonomy":"workflow","embeddable":true,"href":"https:\/\/www.yorku.ca\/yfile\/wp-json\/wp\/v2\/workflow?post=355712"}],"curies":[{"name":"wp","href":"https:\/\/api.w.org\/{rel}","templated":true}]}}