  {"id":357473,"date":"2024-07-31T13:35:21","date_gmt":"2024-07-31T17:35:21","guid":{"rendered":"https:\/\/yfile.news.yorku.ca\/?p=357473"},"modified":"2025-04-02T12:48:25","modified_gmt":"2025-04-02T16:48:25","slug":"declaration-a-loccasion-du-jour-de-lemancipation","status":"publish","type":"post","link":"https:\/\/www.yorku.ca\/yfile\/2024\/07\/31\/declaration-a-loccasion-du-jour-de-lemancipation\/","title":{"rendered":"D\u00e9claration \u00e0 l\u2019occasion du Jour de l\u2019\u00e9mancipation"},"content":{"rendered":"\n<p>Le 1<sup>er<\/sup>&nbsp;ao\u00fbt est le jour o\u00f9 on c\u00e9l\u00e8bre l\u2019entr\u00e9e en vigueur de la \u00ab&nbsp;Slavery Abolition Act&nbsp;\u00bb de 1833 (<em>Loi sur l\u2019abolition de l\u2019esclavage<\/em>), partout dans l\u2019Empire britannique. Dans le pass\u00e9, des membres des communaut\u00e9s noires et autochtones ont \u00e9t\u00e9 r\u00e9duits en esclavage sur le territoire qui est aujourd\u2019hui le Canada, ce qui a profond\u00e9ment marqu\u00e9 la soci\u00e9t\u00e9 canadienne par leur lutte, leur r\u00e9sistance, leur endurance et leur force d\u2019\u00e2me. Cette journ\u00e9e est une occasion d\u2019en savoir plus sur l\u2019esclavage et son h\u00e9ritage, de respecter la force et la pers\u00e9v\u00e9rance des communaut\u00e9s qui ont subi cette pratique et de s\u2019engager dans la lutte continue contre le racisme et la discrimination \u00e0 l\u2019\u00e9gard des communaut\u00e9s noires et des peuples autochtones.<\/p>\n\n\n\n<p>York r\u00e9pond \u00e0 cet appel de plusieurs mani\u00e8res&nbsp;:<\/p>\n\n\n\n<ul class=\"wp-block-list\">\n<li>Contribution aux efforts collectifs du Plan d\u2019action sur l\u2019inclusion des personnes noires&nbsp;: le troisi\u00e8me <a href=\"https:\/\/www.yorku.ca\/abr\/annual-report-on-black-inclusion\/\" target=\"_blank\" rel=\"noreferrer noopener\">rapport annuel<\/a> d\u00e9crit en d\u00e9tail ces efforts. Bien que 80&nbsp;% des actions sont achev\u00e9es, en bonne voie ou en cours de r\u00e9alisation, les membres de la communaut\u00e9 ont de nombreuses possibilit\u00e9s de jouer un r\u00f4le dans la lutte contre le racisme anti-Noirs \u00e0 York.<\/li>\n\n\n\n<li>Soutenir des espaces dans lesquels la communaut\u00e9 noire peut s\u2019engager, se rencontrer et avoir un sentiment d\u2019appartenance. Ceci comprend le programme <a href=\"https:\/\/students.yorku.ca\/be-yu\" target=\"_blank\" rel=\"noreferrer noopener\">Excellence Noire \u00e0 York<\/a> pour les \u00e9tudiantes et \u00e9tudiants noirs, le <a href=\"https:\/\/www.yorku.ca\/unit\/yubsn\/\" target=\"_blank\" rel=\"noreferrer noopener\">R\u00e9seau du personnel noir de York<\/a>, le <a href=\"https:\/\/www.yorku.ca\/alumniandfriends\/york-university-black-alumni-network\/\" target=\"_blank\" rel=\"noreferrer noopener\">R\u00e9seau des dipl\u00f4m\u00e9s noirs de York<\/a> et les espaces r\u00e9serv\u00e9s aux \u00e9tudiants noirs au Coll\u00e8ge McLaughlin et dans le b\u00e2timent HNES (pour les \u00e9tudiants de l\u2019EUC).<\/li>\n\n\n\n<li>Appuyer la recherche, l\u2019enseignement et l\u2019apprentissage sur l\u2019histoire, les communaut\u00e9s et les exp\u00e9riences v\u00e9cues par les Canadiennes et Canadiens noirs. On peut citer, \u00e0 titre d\u2019exemples, l\u2019\u00e9largissement du programme d\u2019<a href=\"https:\/\/yfile.news.yorku.ca\/2024\/03\/01\/black-studies-program-expands-to-include-major-minor-options\/\" target=\"_blank\" rel=\"noreferrer noopener\">\u00e9tudes noires<\/a> en majeure et le soutien apport\u00e9 aux unit\u00e9s de recherche organis\u00e9es comme l\u2019<a href=\"https:\/\/www.yorku.ca\/tubman\" target=\"_blank\" rel=\"noreferrer noopener\">Institut Harriet Tubman<\/a> et le <a href=\"https:\/\/www.yorku.ca\/cerlac\">CERLAC<\/a>.<\/li>\n\n\n\n<li>Le <a href=\"http:\/\/ttps:\/careers.yorku.ca\/students-and-new-grads\/resources-for-black-students\" target=\"_blank\" rel=\"noreferrer noopener\">Centre de carri\u00e8res<\/a> et les <a href=\"https:\/\/students.yorku.ca\/counselling\/groups\" target=\"_blank\" rel=\"noreferrer noopener\">Services de sant\u00e9, de counseling et de bien-\u00eatre \u00e9tudiant<\/a>, qui consacrent des ressources \u00e0 l\u2019\u00e9panouissement des \u00e9tudiantes et \u00e9tudiants noirs.<\/li>\n<\/ul>\n\n\n\n<p>Je vous invite \u00e0 en <a href=\"https:\/\/www.canada.ca\/fr\/patrimoine-canadien\/campagnes\/jour-emancipation.html\" target=\"_blank\" rel=\"noreferrer noopener\">apprendre davantage<\/a> sur le Jour de l\u2019\u00e9mancipation et sur l\u2019esclavage au Canada, ainsi qu\u2019\u00e0 participer \u00e0 des activit\u00e9s pour faire progresser la lutte contre le racisme&nbsp;par le biais du <a href=\"https:\/\/www.yorku.ca\/abr\/framework\/?lang=fr\" target=\"_blank\" rel=\"noreferrer noopener\">Cadre d\u2019inclusion des personnes noires<\/a> et du <a href=\"https:\/\/indigenous.yorku.ca\/framework\/\" target=\"_blank\" rel=\"noreferrer noopener\">Cadre strat\u00e9gique autochtone<\/a> de l\u2019Universit\u00e9 York.<\/p>\n\n\n\n<p>Merci. Thank you. Miigwech.<\/p>\n\n\n\n<p><strong>Laina Y.&nbsp;Bay-Cheng<br>Vice-pr\u00e9sidente int\u00e9rimaire de l\u2019\u00e9quit\u00e9, des personnes et de la culture<\/strong><\/p>\n","protected":false},"excerpt":{"rendered":"<p>Le 1er&nbsp;ao\u00fbt est le jour o\u00f9 on c\u00e9l\u00e8bre l\u2019entr\u00e9e en vigueur de la \u00ab&nbsp;Slavery Abolition Act&nbsp;\u00bb de 1833 (Loi sur l\u2019abolition de l\u2019esclavage), partout dans l\u2019Empire britannique. Dans le pass\u00e9, des membres des communaut\u00e9s noires et autochtones ont \u00e9t\u00e9 r\u00e9duits en esclavage sur le territoire qui est aujourd\u2019hui le Canada, ce qui a profond\u00e9ment marqu\u00e9 [&hellip;]<\/p>\n","protected":false},"author":2,"featured_media":357534,"comment_status":"closed","ping_status":"closed","sticky":false,"template":"","format":"standard","meta":{"_acf_changed":false,"_kad_blocks_custom_css":"","_kad_blocks_head_custom_js":"","_kad_blocks_body_custom_js":"","_kad_blocks_footer_custom_js":"","footnotes":""},"categories":[181,52],"tags":[32,29,33,6,27,12,4],"yfileauthor":[204],"qualifier":[],"yfile-author":[],"tags-to-show":[],"workflow":[],"class_list":["post-357473","post","type-post","status-publish","format-standard","has-post-thumbnail","hentry","category-francais","category-take-note","tag-bipoc","tag-community","tag-equity","tag-faculty","tag-staff","tag-students","tag-yfile","yfileauthor-yfilestaff"],"acf":{"internal_publish_date":null,"original_image":null},"yoast_head":"<!-- This site is optimized with the Yoast SEO plugin v27.4 - https:\/\/yoast.com\/product\/yoast-seo-wordpress\/ -->\n<title>D\u00e9claration \u00e0 l\u2019occasion du Jour de l\u2019\u00e9mancipation - YFile<\/title>\n<meta name=\"robots\" content=\"index, follow, max-snippet:-1, max-image-preview:large, max-video-preview:-1\" \/>\n<link rel=\"canonical\" href=\"https:\/\/www.yorku.ca\/yfile\/2024\/07\/31\/declaration-a-loccasion-du-jour-de-lemancipation\/\" \/>\n<meta property=\"og:locale\" content=\"en_US\" \/>\n<meta property=\"og:type\" content=\"article\" \/>\n<meta property=\"og:title\" content=\"D\u00e9claration \u00e0 l\u2019occasion du Jour de l\u2019\u00e9mancipation - YFile\" \/>\n<meta property=\"og:description\" content=\"Le 1er&nbsp;ao\u00fbt est le jour o\u00f9 on c\u00e9l\u00e8bre l\u2019entr\u00e9e en vigueur de la \u00ab&nbsp;Slavery Abolition Act&nbsp;\u00bb de 1833 (Loi sur l\u2019abolition de l\u2019esclavage), partout dans l\u2019Empire britannique. Dans le pass\u00e9, des membres des communaut\u00e9s noires et autochtones ont \u00e9t\u00e9 r\u00e9duits en esclavage sur le territoire qui est aujourd\u2019hui le Canada, ce qui a profond\u00e9ment marqu\u00e9 [&hellip;]\" \/>\n<meta property=\"og:url\" content=\"https:\/\/www.yorku.ca\/yfile\/2024\/07\/31\/declaration-a-loccasion-du-jour-de-lemancipation\/\" \/>\n<meta property=\"og:site_name\" content=\"YFile\" \/>\n<meta property=\"article:published_time\" content=\"2024-07-31T17:35:21+00:00\" \/>\n<meta property=\"article:modified_time\" content=\"2025-04-02T16:48:25+00:00\" \/>\n<meta property=\"og:image\" content=\"https:\/\/www.yorku.ca\/yfile\/wp-content\/uploads\/sites\/889\/2024\/07\/Yfile-Emancipation-Day-2024-banner.png\" \/>\n\t<meta property=\"og:image:width\" content=\"1800\" \/>\n\t<meta property=\"og:image:height\" content=\"600\" \/>\n\t<meta property=\"og:image:type\" content=\"image\/png\" \/>\n<meta name=\"author\" content=\"Alice\" \/>\n<meta name=\"twitter:card\" content=\"summary_large_image\" \/>\n<meta name=\"twitter:label1\" content=\"Written by\" \/>\n\t<meta name=\"twitter:data1\" content=\"Alice\" \/>\n\t<meta name=\"twitter:label2\" content=\"Est. reading time\" \/>\n\t<meta name=\"twitter:data2\" content=\"2 minutes\" \/>\n<script type=\"application\/ld+json\" class=\"yoast-schema-graph\">{\"@context\":\"https:\\\/\\\/schema.org\",\"@graph\":[{\"@type\":\"Article\",\"@id\":\"https:\\\/\\\/www.yorku.ca\\\/yfile\\\/2024\\\/07\\\/31\\\/declaration-a-loccasion-du-jour-de-lemancipation\\\/#article\",\"isPartOf\":{\"@id\":\"https:\\\/\\\/www.yorku.ca\\\/yfile\\\/2024\\\/07\\\/31\\\/declaration-a-loccasion-du-jour-de-lemancipation\\\/\"},\"author\":{\"name\":\"Alice\",\"@id\":\"https:\\\/\\\/www.yorku.ca\\\/yfile\\\/#\\\/schema\\\/person\\\/555323af96f785844a2bc6993a4ac1ca\"},\"headline\":\"D\u00e9claration \u00e0 l\u2019occasion du Jour de l\u2019\u00e9mancipation\",\"datePublished\":\"2024-07-31T17:35:21+00:00\",\"dateModified\":\"2025-04-02T16:48:25+00:00\",\"mainEntityOfPage\":{\"@id\":\"https:\\\/\\\/www.yorku.ca\\\/yfile\\\/2024\\\/07\\\/31\\\/declaration-a-loccasion-du-jour-de-lemancipation\\\/\"},\"wordCount\":467,\"image\":{\"@id\":\"https:\\\/\\\/www.yorku.ca\\\/yfile\\\/2024\\\/07\\\/31\\\/declaration-a-loccasion-du-jour-de-lemancipation\\\/#primaryimage\"},\"thumbnailUrl\":\"https:\\\/\\\/www.yorku.ca\\\/yfile\\\/wp-content\\\/uploads\\\/sites\\\/889\\\/2024\\\/07\\\/Yfile-Emancipation-Day-2024-banner.png\",\"keywords\":[\"BIPOC\",\"Community\",\"Equity Diversity Inclusion (EDI)\",\"Faculty\",\"Staff\",\"Students\",\"YFile\"],\"articleSection\":[\"Fran\u00e7ais\",\"Take Note\"],\"inLanguage\":\"en-CA\",\"copyrightYear\":\"2024\",\"copyrightHolder\":{\"@id\":\"https:\\\/\\\/www.yorku.ca\\\/yfile\\\/#organization\"}},{\"@type\":\"WebPage\",\"@id\":\"https:\\\/\\\/www.yorku.ca\\\/yfile\\\/2024\\\/07\\\/31\\\/declaration-a-loccasion-du-jour-de-lemancipation\\\/\",\"url\":\"https:\\\/\\\/www.yorku.ca\\\/yfile\\\/2024\\\/07\\\/31\\\/declaration-a-loccasion-du-jour-de-lemancipation\\\/\",\"name\":\"D\u00e9claration \u00e0 l\u2019occasion du Jour de l\u2019\u00e9mancipation - YFile\",\"isPartOf\":{\"@id\":\"https:\\\/\\\/www.yorku.ca\\\/yfile\\\/#website\"},\"primaryImageOfPage\":{\"@id\":\"https:\\\/\\\/www.yorku.ca\\\/yfile\\\/2024\\\/07\\\/31\\\/declaration-a-loccasion-du-jour-de-lemancipation\\\/#primaryimage\"},\"image\":{\"@id\":\"https:\\\/\\\/www.yorku.ca\\\/yfile\\\/2024\\\/07\\\/31\\\/declaration-a-loccasion-du-jour-de-lemancipation\\\/#primaryimage\"},\"thumbnailUrl\":\"https:\\\/\\\/www.yorku.ca\\\/yfile\\\/wp-content\\\/uploads\\\/sites\\\/889\\\/2024\\\/07\\\/Yfile-Emancipation-Day-2024-banner.png\",\"datePublished\":\"2024-07-31T17:35:21+00:00\",\"dateModified\":\"2025-04-02T16:48:25+00:00\",\"author\":{\"@id\":\"https:\\\/\\\/www.yorku.ca\\\/yfile\\\/#\\\/schema\\\/person\\\/555323af96f785844a2bc6993a4ac1ca\"},\"breadcrumb\":{\"@id\":\"https:\\\/\\\/www.yorku.ca\\\/yfile\\\/2024\\\/07\\\/31\\\/declaration-a-loccasion-du-jour-de-lemancipation\\\/#breadcrumb\"},\"inLanguage\":\"en-CA\",\"potentialAction\":[{\"@type\":\"ReadAction\",\"target\":[\"https:\\\/\\\/www.yorku.ca\\\/yfile\\\/2024\\\/07\\\/31\\\/declaration-a-loccasion-du-jour-de-lemancipation\\\/\"]}]},{\"@type\":\"ImageObject\",\"inLanguage\":\"en-CA\",\"@id\":\"https:\\\/\\\/www.yorku.ca\\\/yfile\\\/2024\\\/07\\\/31\\\/declaration-a-loccasion-du-jour-de-lemancipation\\\/#primaryimage\",\"url\":\"https:\\\/\\\/www.yorku.ca\\\/yfile\\\/wp-content\\\/uploads\\\/sites\\\/889\\\/2024\\\/07\\\/Yfile-Emancipation-Day-2024-banner.png\",\"contentUrl\":\"https:\\\/\\\/www.yorku.ca\\\/yfile\\\/wp-content\\\/uploads\\\/sites\\\/889\\\/2024\\\/07\\\/Yfile-Emancipation-Day-2024-banner.png\",\"width\":1800,\"height\":600,\"caption\":\"Yfile Emancipation Day 2024 banner\"},{\"@type\":\"BreadcrumbList\",\"@id\":\"https:\\\/\\\/www.yorku.ca\\\/yfile\\\/2024\\\/07\\\/31\\\/declaration-a-loccasion-du-jour-de-lemancipation\\\/#breadcrumb\",\"itemListElement\":[{\"@type\":\"ListItem\",\"position\":1,\"name\":\"Home\",\"item\":\"https:\\\/\\\/www.yorku.ca\\\/yfile\\\/\"},{\"@type\":\"ListItem\",\"position\":2,\"name\":\"D\u00e9claration \u00e0 l\u2019occasion du Jour de l\u2019\u00e9mancipation\"}]},{\"@type\":\"WebSite\",\"@id\":\"https:\\\/\\\/www.yorku.ca\\\/yfile\\\/#website\",\"url\":\"https:\\\/\\\/www.yorku.ca\\\/yfile\\\/\",\"name\":\"YFile\",\"description\":\"\",\"potentialAction\":[{\"@type\":\"SearchAction\",\"target\":{\"@type\":\"EntryPoint\",\"urlTemplate\":\"https:\\\/\\\/www.yorku.ca\\\/yfile\\\/?s={search_term_string}\"},\"query-input\":{\"@type\":\"PropertyValueSpecification\",\"valueRequired\":true,\"valueName\":\"search_term_string\"}}],\"inLanguage\":\"en-CA\"},{\"@type\":\"Person\",\"@id\":\"https:\\\/\\\/www.yorku.ca\\\/yfile\\\/#\\\/schema\\\/person\\\/555323af96f785844a2bc6993a4ac1ca\",\"name\":\"Alice\",\"image\":{\"@type\":\"ImageObject\",\"inLanguage\":\"en-CA\",\"@id\":\"https:\\\/\\\/secure.gravatar.com\\\/avatar\\\/c56ebc2630f01187f8aec5d92288534a145bd45c2e43680366e965c166c0f7b3?s=96&d=mm&r=g\",\"url\":\"https:\\\/\\\/secure.gravatar.com\\\/avatar\\\/c56ebc2630f01187f8aec5d92288534a145bd45c2e43680366e965c166c0f7b3?s=96&d=mm&r=g\",\"contentUrl\":\"https:\\\/\\\/secure.gravatar.com\\\/avatar\\\/c56ebc2630f01187f8aec5d92288534a145bd45c2e43680366e965c166c0f7b3?s=96&d=mm&r=g\",\"caption\":\"Alice\"},\"url\":\"https:\\\/\\\/www.yorku.ca\\\/yfile\\\/author\\\/alicet\\\/\"}]}<\/script>\n<!-- \/ Yoast SEO plugin. -->","yoast_head_json":{"title":"D\u00e9claration \u00e0 l\u2019occasion du Jour de l\u2019\u00e9mancipation - YFile","robots":{"index":"index","follow":"follow","max-snippet":"max-snippet:-1","max-image-preview":"max-image-preview:large","max-video-preview":"max-video-preview:-1"},"canonical":"https:\/\/www.yorku.ca\/yfile\/2024\/07\/31\/declaration-a-loccasion-du-jour-de-lemancipation\/","og_locale":"en_US","og_type":"article","og_title":"D\u00e9claration \u00e0 l\u2019occasion du Jour de l\u2019\u00e9mancipation - YFile","og_description":"Le 1er&nbsp;ao\u00fbt est le jour o\u00f9 on c\u00e9l\u00e8bre l\u2019entr\u00e9e en vigueur de la \u00ab&nbsp;Slavery Abolition Act&nbsp;\u00bb de 1833 (Loi sur l\u2019abolition de l\u2019esclavage), partout dans l\u2019Empire britannique. Dans le pass\u00e9, des membres des communaut\u00e9s noires et autochtones ont \u00e9t\u00e9 r\u00e9duits en esclavage sur le territoire qui est aujourd\u2019hui le Canada, ce qui a profond\u00e9ment marqu\u00e9 [&hellip;]","og_url":"https:\/\/www.yorku.ca\/yfile\/2024\/07\/31\/declaration-a-loccasion-du-jour-de-lemancipation\/","og_site_name":"YFile","article_published_time":"2024-07-31T17:35:21+00:00","article_modified_time":"2025-04-02T16:48:25+00:00","og_image":[{"width":1800,"height":600,"url":"https:\/\/www.yorku.ca\/yfile\/wp-content\/uploads\/sites\/889\/2024\/07\/Yfile-Emancipation-Day-2024-banner.png","type":"image\/png"}],"author":"Alice","twitter_card":"summary_large_image","twitter_misc":{"Written by":"Alice","Est. reading time":"2 minutes"},"schema":{"@context":"https:\/\/schema.org","@graph":[{"@type":"Article","@id":"https:\/\/www.yorku.ca\/yfile\/2024\/07\/31\/declaration-a-loccasion-du-jour-de-lemancipation\/#article","isPartOf":{"@id":"https:\/\/www.yorku.ca\/yfile\/2024\/07\/31\/declaration-a-loccasion-du-jour-de-lemancipation\/"},"author":{"name":"Alice","@id":"https:\/\/www.yorku.ca\/yfile\/#\/schema\/person\/555323af96f785844a2bc6993a4ac1ca"},"headline":"D\u00e9claration \u00e0 l\u2019occasion du Jour de l\u2019\u00e9mancipation","datePublished":"2024-07-31T17:35:21+00:00","dateModified":"2025-04-02T16:48:25+00:00","mainEntityOfPage":{"@id":"https:\/\/www.yorku.ca\/yfile\/2024\/07\/31\/declaration-a-loccasion-du-jour-de-lemancipation\/"},"wordCount":467,"image":{"@id":"https:\/\/www.yorku.ca\/yfile\/2024\/07\/31\/declaration-a-loccasion-du-jour-de-lemancipation\/#primaryimage"},"thumbnailUrl":"https:\/\/www.yorku.ca\/yfile\/wp-content\/uploads\/sites\/889\/2024\/07\/Yfile-Emancipation-Day-2024-banner.png","keywords":["BIPOC","Community","Equity Diversity Inclusion (EDI)","Faculty","Staff","Students","YFile"],"articleSection":["Fran\u00e7ais","Take Note"],"inLanguage":"en-CA","copyrightYear":"2024","copyrightHolder":{"@id":"https:\/\/www.yorku.ca\/yfile\/#organization"}},{"@type":"WebPage","@id":"https:\/\/www.yorku.ca\/yfile\/2024\/07\/31\/declaration-a-loccasion-du-jour-de-lemancipation\/","url":"https:\/\/www.yorku.ca\/yfile\/2024\/07\/31\/declaration-a-loccasion-du-jour-de-lemancipation\/","name":"D\u00e9claration \u00e0 l\u2019occasion du Jour de l\u2019\u00e9mancipation - YFile","isPartOf":{"@id":"https:\/\/www.yorku.ca\/yfile\/#website"},"primaryImageOfPage":{"@id":"https:\/\/www.yorku.ca\/yfile\/2024\/07\/31\/declaration-a-loccasion-du-jour-de-lemancipation\/#primaryimage"},"image":{"@id":"https:\/\/www.yorku.ca\/yfile\/2024\/07\/31\/declaration-a-loccasion-du-jour-de-lemancipation\/#primaryimage"},"thumbnailUrl":"https:\/\/www.yorku.ca\/yfile\/wp-content\/uploads\/sites\/889\/2024\/07\/Yfile-Emancipation-Day-2024-banner.png","datePublished":"2024-07-31T17:35:21+00:00","dateModified":"2025-04-02T16:48:25+00:00","author":{"@id":"https:\/\/www.yorku.ca\/yfile\/#\/schema\/person\/555323af96f785844a2bc6993a4ac1ca"},"breadcrumb":{"@id":"https:\/\/www.yorku.ca\/yfile\/2024\/07\/31\/declaration-a-loccasion-du-jour-de-lemancipation\/#breadcrumb"},"inLanguage":"en-CA","potentialAction":[{"@type":"ReadAction","target":["https:\/\/www.yorku.ca\/yfile\/2024\/07\/31\/declaration-a-loccasion-du-jour-de-lemancipation\/"]}]},{"@type":"ImageObject","inLanguage":"en-CA","@id":"https:\/\/www.yorku.ca\/yfile\/2024\/07\/31\/declaration-a-loccasion-du-jour-de-lemancipation\/#primaryimage","url":"https:\/\/www.yorku.ca\/yfile\/wp-content\/uploads\/sites\/889\/2024\/07\/Yfile-Emancipation-Day-2024-banner.png","contentUrl":"https:\/\/www.yorku.ca\/yfile\/wp-content\/uploads\/sites\/889\/2024\/07\/Yfile-Emancipation-Day-2024-banner.png","width":1800,"height":600,"caption":"Yfile Emancipation Day 2024 banner"},{"@type":"BreadcrumbList","@id":"https:\/\/www.yorku.ca\/yfile\/2024\/07\/31\/declaration-a-loccasion-du-jour-de-lemancipation\/#breadcrumb","itemListElement":[{"@type":"ListItem","position":1,"name":"Home","item":"https:\/\/www.yorku.ca\/yfile\/"},{"@type":"ListItem","position":2,"name":"D\u00e9claration \u00e0 l\u2019occasion du Jour de l\u2019\u00e9mancipation"}]},{"@type":"WebSite","@id":"https:\/\/www.yorku.ca\/yfile\/#website","url":"https:\/\/www.yorku.ca\/yfile\/","name":"YFile","description":"","potentialAction":[{"@type":"SearchAction","target":{"@type":"EntryPoint","urlTemplate":"https:\/\/www.yorku.ca\/yfile\/?s={search_term_string}"},"query-input":{"@type":"PropertyValueSpecification","valueRequired":true,"valueName":"search_term_string"}}],"inLanguage":"en-CA"},{"@type":"Person","@id":"https:\/\/www.yorku.ca\/yfile\/#\/schema\/person\/555323af96f785844a2bc6993a4ac1ca","name":"Alice","image":{"@type":"ImageObject","inLanguage":"en-CA","@id":"https:\/\/secure.gravatar.com\/avatar\/c56ebc2630f01187f8aec5d92288534a145bd45c2e43680366e965c166c0f7b3?s=96&d=mm&r=g","url":"https:\/\/secure.gravatar.com\/avatar\/c56ebc2630f01187f8aec5d92288534a145bd45c2e43680366e965c166c0f7b3?s=96&d=mm&r=g","contentUrl":"https:\/\/secure.gravatar.com\/avatar\/c56ebc2630f01187f8aec5d92288534a145bd45c2e43680366e965c166c0f7b3?s=96&d=mm&r=g","caption":"Alice"},"url":"https:\/\/www.yorku.ca\/yfile\/author\/alicet\/"}]}},"taxonomy_info":{"category":[{"value":181,"label":"Fran\u00e7ais"},{"value":52,"label":"Take Note"}],"post_tag":[{"value":32,"label":"BIPOC"},{"value":29,"label":"Community"},{"value":33,"label":"Equity Diversity Inclusion (EDI)"},{"value":6,"label":"Faculty"},{"value":27,"label":"Staff"},{"value":12,"label":"Students"},{"value":4,"label":"YFile"}],"yfileauthor":[{"value":204,"label":"YFile Staff"}]},"featured_image_src_large":["https:\/\/www.yorku.ca\/yfile\/wp-content\/uploads\/sites\/889\/2024\/07\/Yfile-Emancipation-Day-2024-banner-1024x341.png",1024,341,true],"author_info":{"display_name":"Alice","author_link":"https:\/\/www.yorku.ca\/yfile\/author\/alicet\/"},"comment_info":0,"category_info":[{"term_id":181,"name":"Fran\u00e7ais","slug":"francais","term_group":0,"term_taxonomy_id":181,"taxonomy":"category","description":"Institutional news and announcements in French.","parent":0,"count":87,"filter":"raw","cat_ID":181,"category_count":87,"category_description":"Institutional news and announcements in French.","cat_name":"Fran\u00e7ais","category_nicename":"francais","category_parent":0},{"term_id":52,"name":"Take Note","slug":"take-note","term_group":0,"term_taxonomy_id":52,"taxonomy":"category","description":"","parent":0,"count":2373,"filter":"raw","cat_ID":52,"category_count":2373,"category_description":"","cat_name":"Take Note","category_nicename":"take-note","category_parent":0}],"tag_info":[{"term_id":32,"name":"BIPOC","slug":"bipoc","term_group":0,"term_taxonomy_id":32,"taxonomy":"post_tag","description":"","parent":0,"count":374,"filter":"raw"},{"term_id":29,"name":"Community","slug":"community","term_group":0,"term_taxonomy_id":29,"taxonomy":"post_tag","description":"","parent":0,"count":966,"filter":"raw"},{"term_id":33,"name":"Equity Diversity Inclusion (EDI)","slug":"equity","term_group":0,"term_taxonomy_id":33,"taxonomy":"post_tag","description":"","parent":0,"count":492,"filter":"raw"},{"term_id":6,"name":"Faculty","slug":"faculty","term_group":0,"term_taxonomy_id":6,"taxonomy":"post_tag","description":"","parent":0,"count":2009,"filter":"raw"},{"term_id":27,"name":"Staff","slug":"staff","term_group":0,"term_taxonomy_id":27,"taxonomy":"post_tag","description":"","parent":0,"count":597,"filter":"raw"},{"term_id":12,"name":"Students","slug":"students","term_group":0,"term_taxonomy_id":12,"taxonomy":"post_tag","description":"","parent":0,"count":1639,"filter":"raw"},{"term_id":4,"name":"YFile","slug":"yfile","term_group":0,"term_taxonomy_id":4,"taxonomy":"post_tag","description":"","parent":0,"count":5305,"filter":"raw"}],"_links":{"self":[{"href":"https:\/\/www.yorku.ca\/yfile\/wp-json\/wp\/v2\/posts\/357473","targetHints":{"allow":["GET"]}}],"collection":[{"href":"https:\/\/www.yorku.ca\/yfile\/wp-json\/wp\/v2\/posts"}],"about":[{"href":"https:\/\/www.yorku.ca\/yfile\/wp-json\/wp\/v2\/types\/post"}],"author":[{"embeddable":true,"href":"https:\/\/www.yorku.ca\/yfile\/wp-json\/wp\/v2\/users\/2"}],"replies":[{"embeddable":true,"href":"https:\/\/www.yorku.ca\/yfile\/wp-json\/wp\/v2\/comments?post=357473"}],"version-history":[{"count":2,"href":"https:\/\/www.yorku.ca\/yfile\/wp-json\/wp\/v2\/posts\/357473\/revisions"}],"predecessor-version":[{"id":358036,"href":"https:\/\/www.yorku.ca\/yfile\/wp-json\/wp\/v2\/posts\/357473\/revisions\/358036"}],"wp:featuredmedia":[{"embeddable":true,"href":"https:\/\/www.yorku.ca\/yfile\/wp-json\/wp\/v2\/media\/357534"}],"wp:attachment":[{"href":"https:\/\/www.yorku.ca\/yfile\/wp-json\/wp\/v2\/media?parent=357473"}],"wp:term":[{"taxonomy":"category","embeddable":true,"href":"https:\/\/www.yorku.ca\/yfile\/wp-json\/wp\/v2\/categories?post=357473"},{"taxonomy":"post_tag","embeddable":true,"href":"https:\/\/www.yorku.ca\/yfile\/wp-json\/wp\/v2\/tags?post=357473"},{"taxonomy":"yfileauthor","embeddable":true,"href":"https:\/\/www.yorku.ca\/yfile\/wp-json\/wp\/v2\/yfileauthor?post=357473"},{"taxonomy":"qualifier","embeddable":true,"href":"https:\/\/www.yorku.ca\/yfile\/wp-json\/wp\/v2\/qualifier?post=357473"},{"taxonomy":"yfile-author","embeddable":true,"href":"https:\/\/www.yorku.ca\/yfile\/wp-json\/wp\/v2\/yfile-author?post=357473"},{"taxonomy":"tags-to-show","embeddable":true,"href":"https:\/\/www.yorku.ca\/yfile\/wp-json\/wp\/v2\/tags-to-show?post=357473"},{"taxonomy":"workflow","embeddable":true,"href":"https:\/\/www.yorku.ca\/yfile\/wp-json\/wp\/v2\/workflow?post=357473"}],"curies":[{"name":"wp","href":"https:\/\/api.w.org\/{rel}","templated":true}]}}