  {"id":369802,"date":"2024-10-22T09:39:14","date_gmt":"2024-10-22T13:39:14","guid":{"rendered":"https:\/\/www.yorku.ca\/yfile\/?p=369802"},"modified":"2024-10-24T09:40:27","modified_gmt":"2024-10-24T13:40:27","slug":"a-propos-de-la-strategie-de-bien-etre-de-luniversite-york","status":"publish","type":"post","link":"https:\/\/www.yorku.ca\/yfile\/2024\/10\/22\/a-propos-de-la-strategie-de-bien-etre-de-luniversite-york\/","title":{"rendered":"\u00c0 propos de la Strat\u00e9gie de bien-\u00eatre de l\u2019Universit\u00e9 York"},"content":{"rendered":"\n<p>Chers membres de la communaut\u00e9 de York,<\/p>\n\n\n\n<p>Comme annonc\u00e9 dans le&nbsp;<a rel=\"noreferrer noopener\" target=\"_blank\" href=\"https:\/\/www.yorku.ca\/yfile\/2024\/10\/18\/york-university-launches-new-well-being-strategy\/\">YFile de ce matin<\/a>, l\u2019Universit\u00e9 York renforce son engagement envers le bien-\u00eatre en lan\u00e7ant sa premi\u00e8re&nbsp;<a rel=\"noreferrer noopener\" target=\"_blank\" href=\"https:\/\/www.yorku.ca\/well-being\/fr\/a-propos-de-la-strategie-de-bien-etre-de-luniversite-york\/\">Strat\u00e9gie de bien-\u00eatre<\/a>&nbsp;et en devenant signataire de la&nbsp;<a rel=\"noreferrer noopener\" target=\"_blank\" href=\"https:\/\/www.yorku.ca\/well-being\/about\/okanagan-charter\/\">Charte de l\u2019Okanagan<\/a>, une \u00e9tape importante dans la reconnaissance de notre r\u00f4le dans l\u2019am\u00e9lioration de la sant\u00e9 et du bien-\u00eatre de tous les membres de notre communaut\u00e9. Cette strat\u00e9gie constitue l\u2019effort le plus complet, le plus holistique et le plus important de l\u2019Universit\u00e9 York en mati\u00e8re de bien-\u00eatre.&nbsp;&nbsp;<\/p>\n\n\n\n<p>Nous tenons \u00e0 remercier les nombreux membres de la communaut\u00e9, membres du personnel, du corps professoral et de la communaut\u00e9 \u00e9tudiante, qui ont apport\u00e9 leur pr\u00e9cieuse contribution \u00e0 la strat\u00e9gie lors de nos consultations en 2022 et 2023. La strat\u00e9gie est le fruit de ce que vous nous avez dit et refl\u00e8te les divers besoins et priorit\u00e9s de la communaut\u00e9 de York. Visitez la page Web de la&nbsp;<a rel=\"noreferrer noopener\" target=\"_blank\" href=\"https:\/\/www.yorku.ca\/well-being\/fr\/a-propos-de-la-strategie-de-bien-etre-de-luniversite-york\/\">Strat\u00e9gie de bien-\u00eatre<\/a>&nbsp;pour en savoir plus sur la vision de l\u2019Universit\u00e9 en mati\u00e8re d\u2019am\u00e9lioration du bien-\u00eatre au sein de notre communaut\u00e9 et sur nos campus.<\/p>\n\n\n\n<p>Le bien-\u00eatre reste l\u2019une des priorit\u00e9s de York. C\u2019est un sujet particuli\u00e8rement important \u00e9tant donn\u00e9 les nombreux d\u00e9fis auxquels les membres de notre communaut\u00e9, et la communaut\u00e9 tout enti\u00e8re, ont du affronter durant cette ann\u00e9e. Le lancement de la Strat\u00e9gie de bien-\u00eatre souligne l\u2019engagement de York \u00e0 am\u00e9liorer les conditions de la vie quotidienne, qu\u2019il s\u2019agisse du travail, de l\u2019apprentissage ou de la vie sociale sur ses campus.<\/p>\n\n\n\n<p>\u00c0 l\u2019occasion de la Semaine automnale du bien-\u00eatre, nous vous encourageons \u00e0 participer \u00e0 certains \u00e9v\u00e9nements, activit\u00e9s et webinaires ax\u00e9s sur la&nbsp;<em>prise en compte de toutes les dimensions du bien-\u00eatre<\/em>.<\/p>\n\n\n\n<p><strong>Dates&nbsp;:&nbsp;<\/strong>Du lundi&nbsp;21&nbsp;octobre au vendredi&nbsp;25&nbsp;octobre<\/p>\n\n\n\n<p><strong>Lieu&nbsp;:<\/strong>&nbsp;Diff\u00e9rents lieux sur les campus de York, en ligne et en personne<\/p>\n\n\n\n<p><strong>Th\u00e8me&nbsp;:&nbsp;<\/strong>Prendre en compte toutes les dimensions du bien-\u00eatre<\/p>\n\n\n\n<p>Les \u00e9v\u00e9nements et activit\u00e9s de la semaine, tout comme la strat\u00e9gie, englobent toutes les dimensions du bien-\u00eatre&nbsp;: mental, physique, financier, social, professionnel, spirituel et culturel.<\/p>\n\n\n\n<p>Consultez le programme complet des \u00e9v\u00e9nements sur la&nbsp;<a rel=\"noreferrer noopener\" target=\"_blank\" href=\"https:\/\/www.yorku.ca\/well-being\/well-being-week\/fall\/\">page Web de la Semaine automnale du bien-\u00eatre<\/a>.<\/p>\n\n\n\n<p>Nous esp\u00e9rons vous voir lors d\u2019un \u00e9v\u00e9nement.<\/p>\n\n\n\n<p><strong>Laina\u00a0Y.\u00a0Bay-Cheng<br>Professeure et vice-pr\u00e9sidente de la Division de l\u2019\u00e9quit\u00e9, des personnes et de la culture<\/strong><\/p>\n\n\n\n<p><strong>Yvette Munro<br>Vice-rectrice aux affaires \u00e9tudiantes<\/strong><\/p>\n","protected":false},"excerpt":{"rendered":"<p>Chers membres de la communaut\u00e9 de York, Comme annonc\u00e9 dans le&nbsp;YFile de ce matin, l\u2019Universit\u00e9 York renforce son engagement envers le bien-\u00eatre en lan\u00e7ant sa premi\u00e8re&nbsp;Strat\u00e9gie de bien-\u00eatre&nbsp;et en devenant signataire de la&nbsp;Charte de l\u2019Okanagan, une \u00e9tape importante dans la reconnaissance de notre r\u00f4le dans l\u2019am\u00e9lioration de la sant\u00e9 et du bien-\u00eatre de tous les [&hellip;]<\/p>\n","protected":false},"author":2293,"featured_media":369593,"comment_status":"closed","ping_status":"closed","sticky":false,"template":"","format":"standard","meta":{"_acf_changed":false,"_kad_blocks_custom_css":"","_kad_blocks_head_custom_js":"","_kad_blocks_body_custom_js":"","_kad_blocks_footer_custom_js":"","footnotes":""},"categories":[181],"tags":[4],"yfileauthor":[204],"qualifier":[198],"yfile-author":[283,284],"tags-to-show":[],"workflow":[],"class_list":["post-369802","post","type-post","status-publish","format-standard","has-post-thumbnail","hentry","category-francais","tag-yfile","yfileauthor-yfilestaff","qualifier-by","yfile-author-laina-bay-cheng","yfile-author-yvette-munro"],"acf":{"internal_publish_date":null,"original_image":null},"yoast_head":"<!-- This site is optimized with the Yoast SEO plugin v27.4 - https:\/\/yoast.com\/product\/yoast-seo-wordpress\/ -->\n<title>\u00c0 propos de la Strat\u00e9gie de bien-\u00eatre de l\u2019Universit\u00e9 York - YFile<\/title>\n<meta name=\"robots\" content=\"index, follow, max-snippet:-1, max-image-preview:large, max-video-preview:-1\" \/>\n<link rel=\"canonical\" href=\"https:\/\/www.yorku.ca\/yfile\/2024\/10\/22\/a-propos-de-la-strategie-de-bien-etre-de-luniversite-york\/\" \/>\n<meta property=\"og:locale\" content=\"en_US\" \/>\n<meta property=\"og:type\" content=\"article\" \/>\n<meta property=\"og:title\" content=\"\u00c0 propos de la Strat\u00e9gie de bien-\u00eatre de l\u2019Universit\u00e9 York - YFile\" \/>\n<meta property=\"og:description\" content=\"Chers membres de la communaut\u00e9 de York, Comme annonc\u00e9 dans le&nbsp;YFile de ce matin, l\u2019Universit\u00e9 York renforce son engagement envers le bien-\u00eatre en lan\u00e7ant sa premi\u00e8re&nbsp;Strat\u00e9gie de bien-\u00eatre&nbsp;et en devenant signataire de la&nbsp;Charte de l\u2019Okanagan, une \u00e9tape importante dans la reconnaissance de notre r\u00f4le dans l\u2019am\u00e9lioration de la sant\u00e9 et du bien-\u00eatre de tous les [&hellip;]\" \/>\n<meta property=\"og:url\" content=\"https:\/\/www.yorku.ca\/yfile\/2024\/10\/22\/a-propos-de-la-strategie-de-bien-etre-de-luniversite-york\/\" \/>\n<meta property=\"og:site_name\" content=\"YFile\" \/>\n<meta property=\"article:published_time\" content=\"2024-10-22T13:39:14+00:00\" \/>\n<meta property=\"article:modified_time\" content=\"2024-10-24T13:40:27+00:00\" \/>\n<meta property=\"og:image\" content=\"https:\/\/www.yorku.ca\/yfile\/wp-content\/uploads\/sites\/889\/2024\/10\/Diverse-York-community-members-outside-scaled.jpg\" \/>\n\t<meta property=\"og:image:width\" content=\"2560\" \/>\n\t<meta property=\"og:image:height\" content=\"854\" \/>\n\t<meta property=\"og:image:type\" content=\"image\/jpeg\" \/>\n<meta name=\"author\" content=\"alexhuls\" \/>\n<meta name=\"twitter:card\" content=\"summary_large_image\" \/>\n<meta name=\"twitter:label1\" content=\"Written by\" \/>\n\t<meta name=\"twitter:data1\" content=\"alexhuls\" \/>\n\t<meta name=\"twitter:label2\" content=\"Est. reading time\" \/>\n\t<meta name=\"twitter:data2\" content=\"2 minutes\" \/>\n<script type=\"application\/ld+json\" class=\"yoast-schema-graph\">{\"@context\":\"https:\\\/\\\/schema.org\",\"@graph\":[{\"@type\":\"Article\",\"@id\":\"https:\\\/\\\/www.yorku.ca\\\/yfile\\\/2024\\\/10\\\/22\\\/a-propos-de-la-strategie-de-bien-etre-de-luniversite-york\\\/#article\",\"isPartOf\":{\"@id\":\"https:\\\/\\\/www.yorku.ca\\\/yfile\\\/2024\\\/10\\\/22\\\/a-propos-de-la-strategie-de-bien-etre-de-luniversite-york\\\/\"},\"author\":{\"name\":\"alexhuls\",\"@id\":\"https:\\\/\\\/www.yorku.ca\\\/yfile\\\/#\\\/schema\\\/person\\\/f385c839cd5e89f5c32dce8c973ef2db\"},\"headline\":\"\u00c0 propos de la Strat\u00e9gie de bien-\u00eatre de l\u2019Universit\u00e9 York\",\"datePublished\":\"2024-10-22T13:39:14+00:00\",\"dateModified\":\"2024-10-24T13:40:27+00:00\",\"mainEntityOfPage\":{\"@id\":\"https:\\\/\\\/www.yorku.ca\\\/yfile\\\/2024\\\/10\\\/22\\\/a-propos-de-la-strategie-de-bien-etre-de-luniversite-york\\\/\"},\"wordCount\":463,\"image\":{\"@id\":\"https:\\\/\\\/www.yorku.ca\\\/yfile\\\/2024\\\/10\\\/22\\\/a-propos-de-la-strategie-de-bien-etre-de-luniversite-york\\\/#primaryimage\"},\"thumbnailUrl\":\"https:\\\/\\\/www.yorku.ca\\\/yfile\\\/wp-content\\\/uploads\\\/sites\\\/889\\\/2024\\\/10\\\/Diverse-York-community-members-outside-scaled.jpg\",\"keywords\":[\"YFile\"],\"articleSection\":[\"Fran\u00e7ais\"],\"inLanguage\":\"en-CA\",\"copyrightYear\":\"2024\",\"copyrightHolder\":{\"@id\":\"https:\\\/\\\/www.yorku.ca\\\/yfile\\\/#organization\"}},{\"@type\":\"WebPage\",\"@id\":\"https:\\\/\\\/www.yorku.ca\\\/yfile\\\/2024\\\/10\\\/22\\\/a-propos-de-la-strategie-de-bien-etre-de-luniversite-york\\\/\",\"url\":\"https:\\\/\\\/www.yorku.ca\\\/yfile\\\/2024\\\/10\\\/22\\\/a-propos-de-la-strategie-de-bien-etre-de-luniversite-york\\\/\",\"name\":\"\u00c0 propos de la Strat\u00e9gie de bien-\u00eatre de l\u2019Universit\u00e9 York - YFile\",\"isPartOf\":{\"@id\":\"https:\\\/\\\/www.yorku.ca\\\/yfile\\\/#website\"},\"primaryImageOfPage\":{\"@id\":\"https:\\\/\\\/www.yorku.ca\\\/yfile\\\/2024\\\/10\\\/22\\\/a-propos-de-la-strategie-de-bien-etre-de-luniversite-york\\\/#primaryimage\"},\"image\":{\"@id\":\"https:\\\/\\\/www.yorku.ca\\\/yfile\\\/2024\\\/10\\\/22\\\/a-propos-de-la-strategie-de-bien-etre-de-luniversite-york\\\/#primaryimage\"},\"thumbnailUrl\":\"https:\\\/\\\/www.yorku.ca\\\/yfile\\\/wp-content\\\/uploads\\\/sites\\\/889\\\/2024\\\/10\\\/Diverse-York-community-members-outside-scaled.jpg\",\"datePublished\":\"2024-10-22T13:39:14+00:00\",\"dateModified\":\"2024-10-24T13:40:27+00:00\",\"author\":{\"@id\":\"https:\\\/\\\/www.yorku.ca\\\/yfile\\\/#\\\/schema\\\/person\\\/f385c839cd5e89f5c32dce8c973ef2db\"},\"breadcrumb\":{\"@id\":\"https:\\\/\\\/www.yorku.ca\\\/yfile\\\/2024\\\/10\\\/22\\\/a-propos-de-la-strategie-de-bien-etre-de-luniversite-york\\\/#breadcrumb\"},\"inLanguage\":\"en-CA\",\"potentialAction\":[{\"@type\":\"ReadAction\",\"target\":[\"https:\\\/\\\/www.yorku.ca\\\/yfile\\\/2024\\\/10\\\/22\\\/a-propos-de-la-strategie-de-bien-etre-de-luniversite-york\\\/\"]}]},{\"@type\":\"ImageObject\",\"inLanguage\":\"en-CA\",\"@id\":\"https:\\\/\\\/www.yorku.ca\\\/yfile\\\/2024\\\/10\\\/22\\\/a-propos-de-la-strategie-de-bien-etre-de-luniversite-york\\\/#primaryimage\",\"url\":\"https:\\\/\\\/www.yorku.ca\\\/yfile\\\/wp-content\\\/uploads\\\/sites\\\/889\\\/2024\\\/10\\\/Diverse-York-community-members-outside-scaled.jpg\",\"contentUrl\":\"https:\\\/\\\/www.yorku.ca\\\/yfile\\\/wp-content\\\/uploads\\\/sites\\\/889\\\/2024\\\/10\\\/Diverse-York-community-members-outside-scaled.jpg\",\"width\":2560,\"height\":854,\"caption\":\"Diverse York community members outside\"},{\"@type\":\"BreadcrumbList\",\"@id\":\"https:\\\/\\\/www.yorku.ca\\\/yfile\\\/2024\\\/10\\\/22\\\/a-propos-de-la-strategie-de-bien-etre-de-luniversite-york\\\/#breadcrumb\",\"itemListElement\":[{\"@type\":\"ListItem\",\"position\":1,\"name\":\"Home\",\"item\":\"https:\\\/\\\/www.yorku.ca\\\/yfile\\\/\"},{\"@type\":\"ListItem\",\"position\":2,\"name\":\"\u00c0 propos de la Strat\u00e9gie de bien-\u00eatre de l\u2019Universit\u00e9 York\"}]},{\"@type\":\"WebSite\",\"@id\":\"https:\\\/\\\/www.yorku.ca\\\/yfile\\\/#website\",\"url\":\"https:\\\/\\\/www.yorku.ca\\\/yfile\\\/\",\"name\":\"YFile\",\"description\":\"\",\"potentialAction\":[{\"@type\":\"SearchAction\",\"target\":{\"@type\":\"EntryPoint\",\"urlTemplate\":\"https:\\\/\\\/www.yorku.ca\\\/yfile\\\/?s={search_term_string}\"},\"query-input\":{\"@type\":\"PropertyValueSpecification\",\"valueRequired\":true,\"valueName\":\"search_term_string\"}}],\"inLanguage\":\"en-CA\"},{\"@type\":\"Person\",\"@id\":\"https:\\\/\\\/www.yorku.ca\\\/yfile\\\/#\\\/schema\\\/person\\\/f385c839cd5e89f5c32dce8c973ef2db\",\"name\":\"alexhuls\",\"image\":{\"@type\":\"ImageObject\",\"inLanguage\":\"en-CA\",\"@id\":\"https:\\\/\\\/secure.gravatar.com\\\/avatar\\\/1804694f1711f5d58af38a39a871f5ca6c4021187d9305718a668a5260a5a71f?s=96&d=mm&r=g\",\"url\":\"https:\\\/\\\/secure.gravatar.com\\\/avatar\\\/1804694f1711f5d58af38a39a871f5ca6c4021187d9305718a668a5260a5a71f?s=96&d=mm&r=g\",\"contentUrl\":\"https:\\\/\\\/secure.gravatar.com\\\/avatar\\\/1804694f1711f5d58af38a39a871f5ca6c4021187d9305718a668a5260a5a71f?s=96&d=mm&r=g\",\"caption\":\"alexhuls\"},\"url\":\"https:\\\/\\\/www.yorku.ca\\\/yfile\\\/author\\\/alexhuls\\\/\"}]}<\/script>\n<!-- \/ Yoast SEO plugin. -->","yoast_head_json":{"title":"\u00c0 propos de la Strat\u00e9gie de bien-\u00eatre de l\u2019Universit\u00e9 York - YFile","robots":{"index":"index","follow":"follow","max-snippet":"max-snippet:-1","max-image-preview":"max-image-preview:large","max-video-preview":"max-video-preview:-1"},"canonical":"https:\/\/www.yorku.ca\/yfile\/2024\/10\/22\/a-propos-de-la-strategie-de-bien-etre-de-luniversite-york\/","og_locale":"en_US","og_type":"article","og_title":"\u00c0 propos de la Strat\u00e9gie de bien-\u00eatre de l\u2019Universit\u00e9 York - YFile","og_description":"Chers membres de la communaut\u00e9 de York, Comme annonc\u00e9 dans le&nbsp;YFile de ce matin, l\u2019Universit\u00e9 York renforce son engagement envers le bien-\u00eatre en lan\u00e7ant sa premi\u00e8re&nbsp;Strat\u00e9gie de bien-\u00eatre&nbsp;et en devenant signataire de la&nbsp;Charte de l\u2019Okanagan, une \u00e9tape importante dans la reconnaissance de notre r\u00f4le dans l\u2019am\u00e9lioration de la sant\u00e9 et du bien-\u00eatre de tous les [&hellip;]","og_url":"https:\/\/www.yorku.ca\/yfile\/2024\/10\/22\/a-propos-de-la-strategie-de-bien-etre-de-luniversite-york\/","og_site_name":"YFile","article_published_time":"2024-10-22T13:39:14+00:00","article_modified_time":"2024-10-24T13:40:27+00:00","og_image":[{"width":2560,"height":854,"url":"https:\/\/www.yorku.ca\/yfile\/wp-content\/uploads\/sites\/889\/2024\/10\/Diverse-York-community-members-outside-scaled.jpg","type":"image\/jpeg"}],"author":"alexhuls","twitter_card":"summary_large_image","twitter_misc":{"Written by":"alexhuls","Est. reading time":"2 minutes"},"schema":{"@context":"https:\/\/schema.org","@graph":[{"@type":"Article","@id":"https:\/\/www.yorku.ca\/yfile\/2024\/10\/22\/a-propos-de-la-strategie-de-bien-etre-de-luniversite-york\/#article","isPartOf":{"@id":"https:\/\/www.yorku.ca\/yfile\/2024\/10\/22\/a-propos-de-la-strategie-de-bien-etre-de-luniversite-york\/"},"author":{"name":"alexhuls","@id":"https:\/\/www.yorku.ca\/yfile\/#\/schema\/person\/f385c839cd5e89f5c32dce8c973ef2db"},"headline":"\u00c0 propos de la Strat\u00e9gie de bien-\u00eatre de l\u2019Universit\u00e9 York","datePublished":"2024-10-22T13:39:14+00:00","dateModified":"2024-10-24T13:40:27+00:00","mainEntityOfPage":{"@id":"https:\/\/www.yorku.ca\/yfile\/2024\/10\/22\/a-propos-de-la-strategie-de-bien-etre-de-luniversite-york\/"},"wordCount":463,"image":{"@id":"https:\/\/www.yorku.ca\/yfile\/2024\/10\/22\/a-propos-de-la-strategie-de-bien-etre-de-luniversite-york\/#primaryimage"},"thumbnailUrl":"https:\/\/www.yorku.ca\/yfile\/wp-content\/uploads\/sites\/889\/2024\/10\/Diverse-York-community-members-outside-scaled.jpg","keywords":["YFile"],"articleSection":["Fran\u00e7ais"],"inLanguage":"en-CA","copyrightYear":"2024","copyrightHolder":{"@id":"https:\/\/www.yorku.ca\/yfile\/#organization"}},{"@type":"WebPage","@id":"https:\/\/www.yorku.ca\/yfile\/2024\/10\/22\/a-propos-de-la-strategie-de-bien-etre-de-luniversite-york\/","url":"https:\/\/www.yorku.ca\/yfile\/2024\/10\/22\/a-propos-de-la-strategie-de-bien-etre-de-luniversite-york\/","name":"\u00c0 propos de la Strat\u00e9gie de bien-\u00eatre de l\u2019Universit\u00e9 York - YFile","isPartOf":{"@id":"https:\/\/www.yorku.ca\/yfile\/#website"},"primaryImageOfPage":{"@id":"https:\/\/www.yorku.ca\/yfile\/2024\/10\/22\/a-propos-de-la-strategie-de-bien-etre-de-luniversite-york\/#primaryimage"},"image":{"@id":"https:\/\/www.yorku.ca\/yfile\/2024\/10\/22\/a-propos-de-la-strategie-de-bien-etre-de-luniversite-york\/#primaryimage"},"thumbnailUrl":"https:\/\/www.yorku.ca\/yfile\/wp-content\/uploads\/sites\/889\/2024\/10\/Diverse-York-community-members-outside-scaled.jpg","datePublished":"2024-10-22T13:39:14+00:00","dateModified":"2024-10-24T13:40:27+00:00","author":{"@id":"https:\/\/www.yorku.ca\/yfile\/#\/schema\/person\/f385c839cd5e89f5c32dce8c973ef2db"},"breadcrumb":{"@id":"https:\/\/www.yorku.ca\/yfile\/2024\/10\/22\/a-propos-de-la-strategie-de-bien-etre-de-luniversite-york\/#breadcrumb"},"inLanguage":"en-CA","potentialAction":[{"@type":"ReadAction","target":["https:\/\/www.yorku.ca\/yfile\/2024\/10\/22\/a-propos-de-la-strategie-de-bien-etre-de-luniversite-york\/"]}]},{"@type":"ImageObject","inLanguage":"en-CA","@id":"https:\/\/www.yorku.ca\/yfile\/2024\/10\/22\/a-propos-de-la-strategie-de-bien-etre-de-luniversite-york\/#primaryimage","url":"https:\/\/www.yorku.ca\/yfile\/wp-content\/uploads\/sites\/889\/2024\/10\/Diverse-York-community-members-outside-scaled.jpg","contentUrl":"https:\/\/www.yorku.ca\/yfile\/wp-content\/uploads\/sites\/889\/2024\/10\/Diverse-York-community-members-outside-scaled.jpg","width":2560,"height":854,"caption":"Diverse York community members outside"},{"@type":"BreadcrumbList","@id":"https:\/\/www.yorku.ca\/yfile\/2024\/10\/22\/a-propos-de-la-strategie-de-bien-etre-de-luniversite-york\/#breadcrumb","itemListElement":[{"@type":"ListItem","position":1,"name":"Home","item":"https:\/\/www.yorku.ca\/yfile\/"},{"@type":"ListItem","position":2,"name":"\u00c0 propos de la Strat\u00e9gie de bien-\u00eatre de l\u2019Universit\u00e9 York"}]},{"@type":"WebSite","@id":"https:\/\/www.yorku.ca\/yfile\/#website","url":"https:\/\/www.yorku.ca\/yfile\/","name":"YFile","description":"","potentialAction":[{"@type":"SearchAction","target":{"@type":"EntryPoint","urlTemplate":"https:\/\/www.yorku.ca\/yfile\/?s={search_term_string}"},"query-input":{"@type":"PropertyValueSpecification","valueRequired":true,"valueName":"search_term_string"}}],"inLanguage":"en-CA"},{"@type":"Person","@id":"https:\/\/www.yorku.ca\/yfile\/#\/schema\/person\/f385c839cd5e89f5c32dce8c973ef2db","name":"alexhuls","image":{"@type":"ImageObject","inLanguage":"en-CA","@id":"https:\/\/secure.gravatar.com\/avatar\/1804694f1711f5d58af38a39a871f5ca6c4021187d9305718a668a5260a5a71f?s=96&d=mm&r=g","url":"https:\/\/secure.gravatar.com\/avatar\/1804694f1711f5d58af38a39a871f5ca6c4021187d9305718a668a5260a5a71f?s=96&d=mm&r=g","contentUrl":"https:\/\/secure.gravatar.com\/avatar\/1804694f1711f5d58af38a39a871f5ca6c4021187d9305718a668a5260a5a71f?s=96&d=mm&r=g","caption":"alexhuls"},"url":"https:\/\/www.yorku.ca\/yfile\/author\/alexhuls\/"}]}},"taxonomy_info":{"category":[{"value":181,"label":"Fran\u00e7ais"}],"post_tag":[{"value":4,"label":"YFile"}],"yfileauthor":[{"value":204,"label":"YFile Staff"}],"qualifier":[{"value":198,"label":"By"}],"yfile-author":[{"value":283,"label":"Laina Bay-Cheng"},{"value":284,"label":"Yvette Munro"}]},"featured_image_src_large":["https:\/\/www.yorku.ca\/yfile\/wp-content\/uploads\/sites\/889\/2024\/10\/Diverse-York-community-members-outside-1024x341.jpg",1024,341,true],"author_info":{"display_name":"alexhuls","author_link":"https:\/\/www.yorku.ca\/yfile\/author\/alexhuls\/"},"comment_info":0,"category_info":[{"term_id":181,"name":"Fran\u00e7ais","slug":"francais","term_group":0,"term_taxonomy_id":181,"taxonomy":"category","description":"Institutional news and announcements in French.","parent":0,"count":87,"filter":"raw","cat_ID":181,"category_count":87,"category_description":"Institutional news and announcements in French.","cat_name":"Fran\u00e7ais","category_nicename":"francais","category_parent":0}],"tag_info":[{"term_id":4,"name":"YFile","slug":"yfile","term_group":0,"term_taxonomy_id":4,"taxonomy":"post_tag","description":"","parent":0,"count":5305,"filter":"raw"}],"_links":{"self":[{"href":"https:\/\/www.yorku.ca\/yfile\/wp-json\/wp\/v2\/posts\/369802","targetHints":{"allow":["GET"]}}],"collection":[{"href":"https:\/\/www.yorku.ca\/yfile\/wp-json\/wp\/v2\/posts"}],"about":[{"href":"https:\/\/www.yorku.ca\/yfile\/wp-json\/wp\/v2\/types\/post"}],"author":[{"embeddable":true,"href":"https:\/\/www.yorku.ca\/yfile\/wp-json\/wp\/v2\/users\/2293"}],"replies":[{"embeddable":true,"href":"https:\/\/www.yorku.ca\/yfile\/wp-json\/wp\/v2\/comments?post=369802"}],"version-history":[{"count":1,"href":"https:\/\/www.yorku.ca\/yfile\/wp-json\/wp\/v2\/posts\/369802\/revisions"}],"predecessor-version":[{"id":369803,"href":"https:\/\/www.yorku.ca\/yfile\/wp-json\/wp\/v2\/posts\/369802\/revisions\/369803"}],"wp:featuredmedia":[{"embeddable":true,"href":"https:\/\/www.yorku.ca\/yfile\/wp-json\/wp\/v2\/media\/369593"}],"wp:attachment":[{"href":"https:\/\/www.yorku.ca\/yfile\/wp-json\/wp\/v2\/media?parent=369802"}],"wp:term":[{"taxonomy":"category","embeddable":true,"href":"https:\/\/www.yorku.ca\/yfile\/wp-json\/wp\/v2\/categories?post=369802"},{"taxonomy":"post_tag","embeddable":true,"href":"https:\/\/www.yorku.ca\/yfile\/wp-json\/wp\/v2\/tags?post=369802"},{"taxonomy":"yfileauthor","embeddable":true,"href":"https:\/\/www.yorku.ca\/yfile\/wp-json\/wp\/v2\/yfileauthor?post=369802"},{"taxonomy":"qualifier","embeddable":true,"href":"https:\/\/www.yorku.ca\/yfile\/wp-json\/wp\/v2\/qualifier?post=369802"},{"taxonomy":"yfile-author","embeddable":true,"href":"https:\/\/www.yorku.ca\/yfile\/wp-json\/wp\/v2\/yfile-author?post=369802"},{"taxonomy":"tags-to-show","embeddable":true,"href":"https:\/\/www.yorku.ca\/yfile\/wp-json\/wp\/v2\/tags-to-show?post=369802"},{"taxonomy":"workflow","embeddable":true,"href":"https:\/\/www.yorku.ca\/yfile\/wp-json\/wp\/v2\/workflow?post=369802"}],"curies":[{"name":"wp","href":"https:\/\/api.w.org\/{rel}","templated":true}]}}