  {"id":398564,"date":"2025-09-03T16:12:37","date_gmt":"2025-09-03T20:12:37","guid":{"rendered":"https:\/\/www.yorku.ca\/yfile\/?p=398564"},"modified":"2025-09-03T17:21:51","modified_gmt":"2025-09-03T21:21:51","slug":"message-de-la-presidente-bienvenue-a-lannee-universitaire-2025-26","status":"publish","type":"post","link":"https:\/\/www.yorku.ca\/yfile\/2025\/09\/03\/message-de-la-presidente-bienvenue-a-lannee-universitaire-2025-26\/","title":{"rendered":"Message de la pr\u00e9sidente : bienvenue \u00e0 l'ann\u00e9e universitaire 2025-26"},"content":{"rendered":"\n<p>Chers membres de la communaut\u00e9 \u00e9tudiante, du corps professoral et enseignant et du personnel,&nbsp;<\/p>\n\n\n\n<p>Bon d\u00e9but d\u2019ann\u00e9e universitaire \u00e0 York!&nbsp;&nbsp;<\/p>\n\n\n\n<p>Alors que vous rejoignez cette communaut\u00e9 pour la premi\u00e8re fois ou que vous retournez dans vos salles de cours, vos bureaux et nos espaces partag\u00e9s, j\u2019esp\u00e8re que vous puiserez inspiration, comme moi durant mes 23 ann\u00e9es pass\u00e9es dans cette remarquable institution, dans les progr\u00e8s constants de York, guid\u00e9s par nos valeurs et notre vision d\u2019un lieu accueillant et inclusif ax\u00e9 sur l\u2019accessibilit\u00e9, l\u2019excellence, l\u2019interconnexion et l\u2019impact.&nbsp;<\/p>\n\n\n\n<p>De la salle \u00e0 manger au banc autochtone de Glendon, de l\u2019atrium de Markham au stade des Lions de Keele, tant d\u2019endroits sp\u00e9ciaux sur nos campus racontent une histoire de connexion, d\u2019innovation et d\u2019humanit\u00e9 partag\u00e9e.&nbsp;<\/p>\n\n\n\n<p>C\u2019est la derni\u00e8re fois que je vous accueille \u00e0 York en tant que pr\u00e9sidente. \u00c0 la lumi\u00e8re de toutes les ann\u00e9es pass\u00e9es ici, j\u2019ai voulu mettre en vedette certains de mes endroits pr\u00e9f\u00e9r\u00e9s pour partager un repas, pour trouver un peu de paix et pour rencontrer les membres de la communaut\u00e9. J\u2019esp\u00e8re que vous prendrez \u00e9galement un moment pour r\u00e9fl\u00e9chir \u00e0 ce qui rend York si sp\u00e9cial \u00e0 vos yeux.&nbsp;<\/p>\n\n\n\n<p>Cordialement,&nbsp;<\/p>\n\n\n\n<p><strong>Rhonda Lenton,&nbsp;<br>Pr\u00e9sidente et vice-chanceli\u00e8re&nbsp;<\/strong><\/p>\n\n\n\n<figure class=\"wp-block-embed is-type-video is-provider-youtube wp-block-embed-youtube wp-embed-aspect-16-9 wp-has-aspect-ratio\"><div class=\"wp-block-embed__wrapper\">\n<iframe loading=\"lazy\" title=\"Welcome to the 2025-26 Academic Year at ¿ì²¥ÊÓÆµ\" width=\"1778\" height=\"1000\" src=\"https:\/\/www.youtube.com\/embed\/DQGNZx_dSV4?feature=oembed\" frameborder=\"0\" allow=\"accelerometer; autoplay; clipboard-write; encrypted-media; gyroscope; picture-in-picture; web-share\" referrerpolicy=\"strict-origin-when-cross-origin\" allowfullscreen><\/iframe>\n<\/div><\/figure>\n\n\n\n<p><\/p>\n","protected":false},"excerpt":{"rendered":"<p>Chers membres de la communaut\u00e9 \u00e9tudiante, du corps professoral et enseignant et du personnel,&nbsp; Bon d\u00e9but d\u2019ann\u00e9e universitaire \u00e0 York!&nbsp;&nbsp; Alors que vous rejoignez cette communaut\u00e9 pour la premi\u00e8re fois ou que vous retournez dans vos salles de cours, vos bureaux et nos espaces partag\u00e9s, j\u2019esp\u00e8re que vous puiserez inspiration, comme moi durant mes 23 [&hellip;]<\/p>\n","protected":false},"author":2293,"featured_media":396734,"comment_status":"closed","ping_status":"closed","sticky":false,"template":"","format":"standard","meta":{"_acf_changed":false,"_kad_blocks_custom_css":"","_kad_blocks_head_custom_js":"","_kad_blocks_body_custom_js":"","_kad_blocks_footer_custom_js":"","footnotes":""},"categories":[181],"tags":[29,26,27,12,4],"yfileauthor":[204],"qualifier":[],"yfile-author":[],"tags-to-show":[145,147,174,148,146],"workflow":[],"class_list":["post-398564","post","type-post","status-publish","format-standard","has-post-thumbnail","hentry","category-francais","tag-community","tag-president","tag-staff","tag-students","tag-yfile","yfileauthor-yfilestaff","tags-to-show-community","tags-to-show-faculty","tags-to-show-president","tags-to-show-staff","tags-to-show-students"],"acf":{"internal_publish_date":null,"original_image":null},"yoast_head":"<!-- This site is optimized with the Yoast SEO plugin v27.4 - https:\/\/yoast.com\/product\/yoast-seo-wordpress\/ -->\n<title>Message de la pr\u00e9sidente : bienvenue \u00e0 l&#039;ann\u00e9e universitaire 2025-26 - YFile<\/title>\n<meta name=\"robots\" content=\"index, follow, max-snippet:-1, max-image-preview:large, max-video-preview:-1\" \/>\n<link rel=\"canonical\" href=\"https:\/\/www.yorku.ca\/yfile\/2025\/09\/03\/message-de-la-presidente-bienvenue-a-lannee-universitaire-2025-26\/\" \/>\n<meta property=\"og:locale\" content=\"en_US\" \/>\n<meta property=\"og:type\" content=\"article\" \/>\n<meta property=\"og:title\" content=\"Message de la pr\u00e9sidente : bienvenue \u00e0 l&#039;ann\u00e9e universitaire 2025-26 - YFile\" \/>\n<meta property=\"og:description\" content=\"Chers membres de la communaut\u00e9 \u00e9tudiante, du corps professoral et enseignant et du personnel,&nbsp; Bon d\u00e9but d\u2019ann\u00e9e universitaire \u00e0 York!&nbsp;&nbsp; Alors que vous rejoignez cette communaut\u00e9 pour la premi\u00e8re fois ou que vous retournez dans vos salles de cours, vos bureaux et nos espaces partag\u00e9s, j\u2019esp\u00e8re que vous puiserez inspiration, comme moi durant mes 23 [&hellip;]\" \/>\n<meta property=\"og:url\" content=\"https:\/\/www.yorku.ca\/yfile\/2025\/09\/03\/message-de-la-presidente-bienvenue-a-lannee-universitaire-2025-26\/\" \/>\n<meta property=\"og:site_name\" content=\"YFile\" \/>\n<meta property=\"article:published_time\" content=\"2025-09-03T20:12:37+00:00\" \/>\n<meta property=\"article:modified_time\" content=\"2025-09-03T21:21:51+00:00\" \/>\n<meta property=\"og:image\" content=\"https:\/\/www.yorku.ca\/yfile\/wp-content\/uploads\/sites\/889\/2025\/06\/Students-outside-of-Schulich-building-1-e1750957536976.jpg\" \/>\n\t<meta property=\"og:image:width\" content=\"1800\" \/>\n\t<meta property=\"og:image:height\" content=\"600\" \/>\n\t<meta property=\"og:image:type\" content=\"image\/jpeg\" \/>\n<meta name=\"author\" content=\"alexhuls\" \/>\n<meta name=\"twitter:card\" content=\"summary_large_image\" \/>\n<meta name=\"twitter:label1\" content=\"Written by\" \/>\n\t<meta name=\"twitter:data1\" content=\"alexhuls\" \/>\n\t<meta name=\"twitter:label2\" content=\"Est. reading time\" \/>\n\t<meta name=\"twitter:data2\" content=\"2 minutes\" \/>\n<script type=\"application\/ld+json\" class=\"yoast-schema-graph\">{\"@context\":\"https:\\\/\\\/schema.org\",\"@graph\":[{\"@type\":\"Article\",\"@id\":\"https:\\\/\\\/www.yorku.ca\\\/yfile\\\/2025\\\/09\\\/03\\\/message-de-la-presidente-bienvenue-a-lannee-universitaire-2025-26\\\/#article\",\"isPartOf\":{\"@id\":\"https:\\\/\\\/www.yorku.ca\\\/yfile\\\/2025\\\/09\\\/03\\\/message-de-la-presidente-bienvenue-a-lannee-universitaire-2025-26\\\/\"},\"author\":{\"name\":\"alexhuls\",\"@id\":\"https:\\\/\\\/www.yorku.ca\\\/yfile\\\/#\\\/schema\\\/person\\\/f385c839cd5e89f5c32dce8c973ef2db\"},\"headline\":\"Message de la pr\u00e9sidente : bienvenue \u00e0 l'ann\u00e9e universitaire 2025-26\",\"datePublished\":\"2025-09-03T20:12:37+00:00\",\"dateModified\":\"2025-09-03T21:21:51+00:00\",\"mainEntityOfPage\":{\"@id\":\"https:\\\/\\\/www.yorku.ca\\\/yfile\\\/2025\\\/09\\\/03\\\/message-de-la-presidente-bienvenue-a-lannee-universitaire-2025-26\\\/\"},\"wordCount\":254,\"image\":{\"@id\":\"https:\\\/\\\/www.yorku.ca\\\/yfile\\\/2025\\\/09\\\/03\\\/message-de-la-presidente-bienvenue-a-lannee-universitaire-2025-26\\\/#primaryimage\"},\"thumbnailUrl\":\"https:\\\/\\\/www.yorku.ca\\\/yfile\\\/wp-content\\\/uploads\\\/sites\\\/889\\\/2025\\\/06\\\/Students-outside-of-Schulich-building-1-e1750957536976.jpg\",\"keywords\":[\"Community\",\"President\",\"Staff\",\"Students\",\"YFile\"],\"articleSection\":[\"Fran\u00e7ais\"],\"inLanguage\":\"en-CA\",\"copyrightYear\":\"2025\",\"copyrightHolder\":{\"@id\":\"https:\\\/\\\/www.yorku.ca\\\/yfile\\\/#organization\"}},{\"@type\":\"WebPage\",\"@id\":\"https:\\\/\\\/www.yorku.ca\\\/yfile\\\/2025\\\/09\\\/03\\\/message-de-la-presidente-bienvenue-a-lannee-universitaire-2025-26\\\/\",\"url\":\"https:\\\/\\\/www.yorku.ca\\\/yfile\\\/2025\\\/09\\\/03\\\/message-de-la-presidente-bienvenue-a-lannee-universitaire-2025-26\\\/\",\"name\":\"Message de la pr\u00e9sidente : bienvenue \u00e0 l'ann\u00e9e universitaire 2025-26 - YFile\",\"isPartOf\":{\"@id\":\"https:\\\/\\\/www.yorku.ca\\\/yfile\\\/#website\"},\"primaryImageOfPage\":{\"@id\":\"https:\\\/\\\/www.yorku.ca\\\/yfile\\\/2025\\\/09\\\/03\\\/message-de-la-presidente-bienvenue-a-lannee-universitaire-2025-26\\\/#primaryimage\"},\"image\":{\"@id\":\"https:\\\/\\\/www.yorku.ca\\\/yfile\\\/2025\\\/09\\\/03\\\/message-de-la-presidente-bienvenue-a-lannee-universitaire-2025-26\\\/#primaryimage\"},\"thumbnailUrl\":\"https:\\\/\\\/www.yorku.ca\\\/yfile\\\/wp-content\\\/uploads\\\/sites\\\/889\\\/2025\\\/06\\\/Students-outside-of-Schulich-building-1-e1750957536976.jpg\",\"datePublished\":\"2025-09-03T20:12:37+00:00\",\"dateModified\":\"2025-09-03T21:21:51+00:00\",\"author\":{\"@id\":\"https:\\\/\\\/www.yorku.ca\\\/yfile\\\/#\\\/schema\\\/person\\\/f385c839cd5e89f5c32dce8c973ef2db\"},\"breadcrumb\":{\"@id\":\"https:\\\/\\\/www.yorku.ca\\\/yfile\\\/2025\\\/09\\\/03\\\/message-de-la-presidente-bienvenue-a-lannee-universitaire-2025-26\\\/#breadcrumb\"},\"inLanguage\":\"en-CA\",\"potentialAction\":[{\"@type\":\"ReadAction\",\"target\":[\"https:\\\/\\\/www.yorku.ca\\\/yfile\\\/2025\\\/09\\\/03\\\/message-de-la-presidente-bienvenue-a-lannee-universitaire-2025-26\\\/\"]}]},{\"@type\":\"ImageObject\",\"inLanguage\":\"en-CA\",\"@id\":\"https:\\\/\\\/www.yorku.ca\\\/yfile\\\/2025\\\/09\\\/03\\\/message-de-la-presidente-bienvenue-a-lannee-universitaire-2025-26\\\/#primaryimage\",\"url\":\"https:\\\/\\\/www.yorku.ca\\\/yfile\\\/wp-content\\\/uploads\\\/sites\\\/889\\\/2025\\\/06\\\/Students-outside-of-Schulich-building-1-e1750957536976.jpg\",\"contentUrl\":\"https:\\\/\\\/www.yorku.ca\\\/yfile\\\/wp-content\\\/uploads\\\/sites\\\/889\\\/2025\\\/06\\\/Students-outside-of-Schulich-building-1-e1750957536976.jpg\",\"width\":1800,\"height\":600,\"caption\":\"Students outside of Schulich building\"},{\"@type\":\"BreadcrumbList\",\"@id\":\"https:\\\/\\\/www.yorku.ca\\\/yfile\\\/2025\\\/09\\\/03\\\/message-de-la-presidente-bienvenue-a-lannee-universitaire-2025-26\\\/#breadcrumb\",\"itemListElement\":[{\"@type\":\"ListItem\",\"position\":1,\"name\":\"Home\",\"item\":\"https:\\\/\\\/www.yorku.ca\\\/yfile\\\/\"},{\"@type\":\"ListItem\",\"position\":2,\"name\":\"Message de la pr\u00e9sidente : bienvenue \u00e0 l'ann\u00e9e universitaire 2025-26\"}]},{\"@type\":\"WebSite\",\"@id\":\"https:\\\/\\\/www.yorku.ca\\\/yfile\\\/#website\",\"url\":\"https:\\\/\\\/www.yorku.ca\\\/yfile\\\/\",\"name\":\"YFile\",\"description\":\"\",\"potentialAction\":[{\"@type\":\"SearchAction\",\"target\":{\"@type\":\"EntryPoint\",\"urlTemplate\":\"https:\\\/\\\/www.yorku.ca\\\/yfile\\\/?s={search_term_string}\"},\"query-input\":{\"@type\":\"PropertyValueSpecification\",\"valueRequired\":true,\"valueName\":\"search_term_string\"}}],\"inLanguage\":\"en-CA\"},{\"@type\":\"Person\",\"@id\":\"https:\\\/\\\/www.yorku.ca\\\/yfile\\\/#\\\/schema\\\/person\\\/f385c839cd5e89f5c32dce8c973ef2db\",\"name\":\"alexhuls\",\"image\":{\"@type\":\"ImageObject\",\"inLanguage\":\"en-CA\",\"@id\":\"https:\\\/\\\/secure.gravatar.com\\\/avatar\\\/1804694f1711f5d58af38a39a871f5ca6c4021187d9305718a668a5260a5a71f?s=96&d=mm&r=g\",\"url\":\"https:\\\/\\\/secure.gravatar.com\\\/avatar\\\/1804694f1711f5d58af38a39a871f5ca6c4021187d9305718a668a5260a5a71f?s=96&d=mm&r=g\",\"contentUrl\":\"https:\\\/\\\/secure.gravatar.com\\\/avatar\\\/1804694f1711f5d58af38a39a871f5ca6c4021187d9305718a668a5260a5a71f?s=96&d=mm&r=g\",\"caption\":\"alexhuls\"},\"url\":\"https:\\\/\\\/www.yorku.ca\\\/yfile\\\/author\\\/alexhuls\\\/\"}]}<\/script>\n<!-- \/ Yoast SEO plugin. -->","yoast_head_json":{"title":"Message de la pr\u00e9sidente : bienvenue \u00e0 l'ann\u00e9e universitaire 2025-26 - YFile","robots":{"index":"index","follow":"follow","max-snippet":"max-snippet:-1","max-image-preview":"max-image-preview:large","max-video-preview":"max-video-preview:-1"},"canonical":"https:\/\/www.yorku.ca\/yfile\/2025\/09\/03\/message-de-la-presidente-bienvenue-a-lannee-universitaire-2025-26\/","og_locale":"en_US","og_type":"article","og_title":"Message de la pr\u00e9sidente : bienvenue \u00e0 l'ann\u00e9e universitaire 2025-26 - YFile","og_description":"Chers membres de la communaut\u00e9 \u00e9tudiante, du corps professoral et enseignant et du personnel,&nbsp; Bon d\u00e9but d\u2019ann\u00e9e universitaire \u00e0 York!&nbsp;&nbsp; Alors que vous rejoignez cette communaut\u00e9 pour la premi\u00e8re fois ou que vous retournez dans vos salles de cours, vos bureaux et nos espaces partag\u00e9s, j\u2019esp\u00e8re que vous puiserez inspiration, comme moi durant mes 23 [&hellip;]","og_url":"https:\/\/www.yorku.ca\/yfile\/2025\/09\/03\/message-de-la-presidente-bienvenue-a-lannee-universitaire-2025-26\/","og_site_name":"YFile","article_published_time":"2025-09-03T20:12:37+00:00","article_modified_time":"2025-09-03T21:21:51+00:00","og_image":[{"width":1800,"height":600,"url":"https:\/\/www.yorku.ca\/yfile\/wp-content\/uploads\/sites\/889\/2025\/06\/Students-outside-of-Schulich-building-1-e1750957536976.jpg","type":"image\/jpeg"}],"author":"alexhuls","twitter_card":"summary_large_image","twitter_misc":{"Written by":"alexhuls","Est. reading time":"2 minutes"},"schema":{"@context":"https:\/\/schema.org","@graph":[{"@type":"Article","@id":"https:\/\/www.yorku.ca\/yfile\/2025\/09\/03\/message-de-la-presidente-bienvenue-a-lannee-universitaire-2025-26\/#article","isPartOf":{"@id":"https:\/\/www.yorku.ca\/yfile\/2025\/09\/03\/message-de-la-presidente-bienvenue-a-lannee-universitaire-2025-26\/"},"author":{"name":"alexhuls","@id":"https:\/\/www.yorku.ca\/yfile\/#\/schema\/person\/f385c839cd5e89f5c32dce8c973ef2db"},"headline":"Message de la pr\u00e9sidente : bienvenue \u00e0 l'ann\u00e9e universitaire 2025-26","datePublished":"2025-09-03T20:12:37+00:00","dateModified":"2025-09-03T21:21:51+00:00","mainEntityOfPage":{"@id":"https:\/\/www.yorku.ca\/yfile\/2025\/09\/03\/message-de-la-presidente-bienvenue-a-lannee-universitaire-2025-26\/"},"wordCount":254,"image":{"@id":"https:\/\/www.yorku.ca\/yfile\/2025\/09\/03\/message-de-la-presidente-bienvenue-a-lannee-universitaire-2025-26\/#primaryimage"},"thumbnailUrl":"https:\/\/www.yorku.ca\/yfile\/wp-content\/uploads\/sites\/889\/2025\/06\/Students-outside-of-Schulich-building-1-e1750957536976.jpg","keywords":["Community","President","Staff","Students","YFile"],"articleSection":["Fran\u00e7ais"],"inLanguage":"en-CA","copyrightYear":"2025","copyrightHolder":{"@id":"https:\/\/www.yorku.ca\/yfile\/#organization"}},{"@type":"WebPage","@id":"https:\/\/www.yorku.ca\/yfile\/2025\/09\/03\/message-de-la-presidente-bienvenue-a-lannee-universitaire-2025-26\/","url":"https:\/\/www.yorku.ca\/yfile\/2025\/09\/03\/message-de-la-presidente-bienvenue-a-lannee-universitaire-2025-26\/","name":"Message de la pr\u00e9sidente : bienvenue \u00e0 l'ann\u00e9e universitaire 2025-26 - YFile","isPartOf":{"@id":"https:\/\/www.yorku.ca\/yfile\/#website"},"primaryImageOfPage":{"@id":"https:\/\/www.yorku.ca\/yfile\/2025\/09\/03\/message-de-la-presidente-bienvenue-a-lannee-universitaire-2025-26\/#primaryimage"},"image":{"@id":"https:\/\/www.yorku.ca\/yfile\/2025\/09\/03\/message-de-la-presidente-bienvenue-a-lannee-universitaire-2025-26\/#primaryimage"},"thumbnailUrl":"https:\/\/www.yorku.ca\/yfile\/wp-content\/uploads\/sites\/889\/2025\/06\/Students-outside-of-Schulich-building-1-e1750957536976.jpg","datePublished":"2025-09-03T20:12:37+00:00","dateModified":"2025-09-03T21:21:51+00:00","author":{"@id":"https:\/\/www.yorku.ca\/yfile\/#\/schema\/person\/f385c839cd5e89f5c32dce8c973ef2db"},"breadcrumb":{"@id":"https:\/\/www.yorku.ca\/yfile\/2025\/09\/03\/message-de-la-presidente-bienvenue-a-lannee-universitaire-2025-26\/#breadcrumb"},"inLanguage":"en-CA","potentialAction":[{"@type":"ReadAction","target":["https:\/\/www.yorku.ca\/yfile\/2025\/09\/03\/message-de-la-presidente-bienvenue-a-lannee-universitaire-2025-26\/"]}]},{"@type":"ImageObject","inLanguage":"en-CA","@id":"https:\/\/www.yorku.ca\/yfile\/2025\/09\/03\/message-de-la-presidente-bienvenue-a-lannee-universitaire-2025-26\/#primaryimage","url":"https:\/\/www.yorku.ca\/yfile\/wp-content\/uploads\/sites\/889\/2025\/06\/Students-outside-of-Schulich-building-1-e1750957536976.jpg","contentUrl":"https:\/\/www.yorku.ca\/yfile\/wp-content\/uploads\/sites\/889\/2025\/06\/Students-outside-of-Schulich-building-1-e1750957536976.jpg","width":1800,"height":600,"caption":"Students outside of Schulich building"},{"@type":"BreadcrumbList","@id":"https:\/\/www.yorku.ca\/yfile\/2025\/09\/03\/message-de-la-presidente-bienvenue-a-lannee-universitaire-2025-26\/#breadcrumb","itemListElement":[{"@type":"ListItem","position":1,"name":"Home","item":"https:\/\/www.yorku.ca\/yfile\/"},{"@type":"ListItem","position":2,"name":"Message de la pr\u00e9sidente : bienvenue \u00e0 l'ann\u00e9e universitaire 2025-26"}]},{"@type":"WebSite","@id":"https:\/\/www.yorku.ca\/yfile\/#website","url":"https:\/\/www.yorku.ca\/yfile\/","name":"YFile","description":"","potentialAction":[{"@type":"SearchAction","target":{"@type":"EntryPoint","urlTemplate":"https:\/\/www.yorku.ca\/yfile\/?s={search_term_string}"},"query-input":{"@type":"PropertyValueSpecification","valueRequired":true,"valueName":"search_term_string"}}],"inLanguage":"en-CA"},{"@type":"Person","@id":"https:\/\/www.yorku.ca\/yfile\/#\/schema\/person\/f385c839cd5e89f5c32dce8c973ef2db","name":"alexhuls","image":{"@type":"ImageObject","inLanguage":"en-CA","@id":"https:\/\/secure.gravatar.com\/avatar\/1804694f1711f5d58af38a39a871f5ca6c4021187d9305718a668a5260a5a71f?s=96&d=mm&r=g","url":"https:\/\/secure.gravatar.com\/avatar\/1804694f1711f5d58af38a39a871f5ca6c4021187d9305718a668a5260a5a71f?s=96&d=mm&r=g","contentUrl":"https:\/\/secure.gravatar.com\/avatar\/1804694f1711f5d58af38a39a871f5ca6c4021187d9305718a668a5260a5a71f?s=96&d=mm&r=g","caption":"alexhuls"},"url":"https:\/\/www.yorku.ca\/yfile\/author\/alexhuls\/"}]}},"taxonomy_info":{"category":[{"value":181,"label":"Fran\u00e7ais"}],"post_tag":[{"value":29,"label":"Community"},{"value":26,"label":"President"},{"value":27,"label":"Staff"},{"value":12,"label":"Students"},{"value":4,"label":"YFile"}],"yfileauthor":[{"value":204,"label":"YFile Staff"}],"tags-to-show":[{"value":145,"label":"Community"},{"value":147,"label":"Faculty"},{"value":174,"label":"President"},{"value":148,"label":"Staff"},{"value":146,"label":"Students"}]},"featured_image_src_large":["https:\/\/www.yorku.ca\/yfile\/wp-content\/uploads\/sites\/889\/2025\/06\/Students-outside-of-Schulich-building-1-e1750957536976-1024x341.jpg",1024,341,true],"author_info":{"display_name":"alexhuls","author_link":"https:\/\/www.yorku.ca\/yfile\/author\/alexhuls\/"},"comment_info":0,"category_info":[{"term_id":181,"name":"Fran\u00e7ais","slug":"francais","term_group":0,"term_taxonomy_id":181,"taxonomy":"category","description":"Institutional news and announcements in French.","parent":0,"count":87,"filter":"raw","cat_ID":181,"category_count":87,"category_description":"Institutional news and announcements in French.","cat_name":"Fran\u00e7ais","category_nicename":"francais","category_parent":0}],"tag_info":[{"term_id":29,"name":"Community","slug":"community","term_group":0,"term_taxonomy_id":29,"taxonomy":"post_tag","description":"","parent":0,"count":966,"filter":"raw"},{"term_id":26,"name":"President","slug":"president","term_group":0,"term_taxonomy_id":26,"taxonomy":"post_tag","description":"","parent":0,"count":405,"filter":"raw"},{"term_id":27,"name":"Staff","slug":"staff","term_group":0,"term_taxonomy_id":27,"taxonomy":"post_tag","description":"","parent":0,"count":597,"filter":"raw"},{"term_id":12,"name":"Students","slug":"students","term_group":0,"term_taxonomy_id":12,"taxonomy":"post_tag","description":"","parent":0,"count":1639,"filter":"raw"},{"term_id":4,"name":"YFile","slug":"yfile","term_group":0,"term_taxonomy_id":4,"taxonomy":"post_tag","description":"","parent":0,"count":5305,"filter":"raw"}],"_links":{"self":[{"href":"https:\/\/www.yorku.ca\/yfile\/wp-json\/wp\/v2\/posts\/398564","targetHints":{"allow":["GET"]}}],"collection":[{"href":"https:\/\/www.yorku.ca\/yfile\/wp-json\/wp\/v2\/posts"}],"about":[{"href":"https:\/\/www.yorku.ca\/yfile\/wp-json\/wp\/v2\/types\/post"}],"author":[{"embeddable":true,"href":"https:\/\/www.yorku.ca\/yfile\/wp-json\/wp\/v2\/users\/2293"}],"replies":[{"embeddable":true,"href":"https:\/\/www.yorku.ca\/yfile\/wp-json\/wp\/v2\/comments?post=398564"}],"version-history":[{"count":4,"href":"https:\/\/www.yorku.ca\/yfile\/wp-json\/wp\/v2\/posts\/398564\/revisions"}],"predecessor-version":[{"id":398722,"href":"https:\/\/www.yorku.ca\/yfile\/wp-json\/wp\/v2\/posts\/398564\/revisions\/398722"}],"wp:featuredmedia":[{"embeddable":true,"href":"https:\/\/www.yorku.ca\/yfile\/wp-json\/wp\/v2\/media\/396734"}],"wp:attachment":[{"href":"https:\/\/www.yorku.ca\/yfile\/wp-json\/wp\/v2\/media?parent=398564"}],"wp:term":[{"taxonomy":"category","embeddable":true,"href":"https:\/\/www.yorku.ca\/yfile\/wp-json\/wp\/v2\/categories?post=398564"},{"taxonomy":"post_tag","embeddable":true,"href":"https:\/\/www.yorku.ca\/yfile\/wp-json\/wp\/v2\/tags?post=398564"},{"taxonomy":"yfileauthor","embeddable":true,"href":"https:\/\/www.yorku.ca\/yfile\/wp-json\/wp\/v2\/yfileauthor?post=398564"},{"taxonomy":"qualifier","embeddable":true,"href":"https:\/\/www.yorku.ca\/yfile\/wp-json\/wp\/v2\/qualifier?post=398564"},{"taxonomy":"yfile-author","embeddable":true,"href":"https:\/\/www.yorku.ca\/yfile\/wp-json\/wp\/v2\/yfile-author?post=398564"},{"taxonomy":"tags-to-show","embeddable":true,"href":"https:\/\/www.yorku.ca\/yfile\/wp-json\/wp\/v2\/tags-to-show?post=398564"},{"taxonomy":"workflow","embeddable":true,"href":"https:\/\/www.yorku.ca\/yfile\/wp-json\/wp\/v2\/workflow?post=398564"}],"curies":[{"name":"wp","href":"https:\/\/api.w.org\/{rel}","templated":true}]}}