  {"id":399441,"date":"2025-09-26T14:58:40","date_gmt":"2025-09-26T18:58:40","guid":{"rendered":"https:\/\/www.yorku.ca\/yfile\/?p=399441"},"modified":"2025-09-26T17:36:14","modified_gmt":"2025-09-26T21:36:14","slug":"declaration-de-luniversite-a-loccasion-de-la-journee-nationale-de-la-verite-et-de-la-reconciliation-2","status":"publish","type":"post","link":"https:\/\/www.yorku.ca\/yfile\/2025\/09\/26\/declaration-de-luniversite-a-loccasion-de-la-journee-nationale-de-la-verite-et-de-la-reconciliation-2\/","title":{"rendered":"D\u00e9claration de l\u2019Universit\u00e9 \u00e0 l\u2019occasion de la Journ\u00e9e nationale de la v\u00e9rit\u00e9 et de la r\u00e9conciliation"},"content":{"rendered":"\n<h3 class=\"wp-block-heading\">Cela fait maintenant&nbsp;12&nbsp;ans que l\u2019activisme populaire a commenc\u00e9 avec la Journ\u00e9e du chandail orange, 5&nbsp;ans depuis la premi\u00e8re Journ\u00e9e nationale de la v\u00e9rit\u00e9 et de la r\u00e9conciliation, et 10&nbsp;ans depuis la publication du rapport final et des appels \u00e0 l\u2019action de la Commission de v\u00e9rit\u00e9 et r\u00e9conciliation (CVR).<\/h3>\n\n\n\n<div style=\"height:20px\" aria-hidden=\"true\" class=\"wp-block-spacer\"><\/div>\n\n\n\n<p>Cette ann\u00e9e, nous encourageons la communaut\u00e9 de York \u00e0 r\u00e9fl\u00e9chir et \u00e0 s\u2019informer en s\u2019inspirant du th\u00e8me \u00ab\u2009Retour sur la r\u00e9conciliation&nbsp;: 10&nbsp;ans apr\u00e8s le rapport final et les appels \u00e0 l\u2019action de la Commission V\u00e9rit\u00e9 et R\u00e9conciliation, quelle est la voie \u00e0 suivre?\u2009\u00bb Ce th\u00e8me invite les membres de la communaut\u00e9 \u00e0 r\u00e9fl\u00e9chir aux changements dont ils ont \u00e9t\u00e9 t\u00e9moins depuis la publication du rapport final et des appels \u00e0 l\u2019action de la CVR \u2013 personnellement, au sein de York ou dans la soci\u00e9t\u00e9 canadienne \u2013 et \u00e0 renouveler leur engagement envers la r\u00e9conciliation gr\u00e2ce \u00e0 des actions concr\u00e8tes.<\/p>\n\n\n\n<p>La r\u00e9conciliation est un processus qui exige de la patience et une volont\u00e9 de passer \u00e0 l\u2019action dans le cadre de notre responsabilit\u00e9 collective. De nos jours, davantage de Canadiennes et Canadiens sont conscients des r\u00e9alit\u00e9s des pensionnats autochtones qu\u2019en 2015, quand la CVR a publi\u00e9 son rapport final. Toutefois, beaucoup de personnes ont encore une connaissance limit\u00e9e de l\u2019h\u00e9ritage d\u00e9vastateur des pensionnats autochtones et de ses r\u00e9percussions constantes sur les peuples et les communaut\u00e9s autochtones. Nous devons nous efforcer de comprendre les cons\u00e9quences interg\u00e9n\u00e9rationnelles du syst\u00e8me des pensionnats autochtones.<\/p>\n\n\n\n<p>Nous esp\u00e9rons que vous avez eu l\u2019occasion d\u2019assister \u00e0 l\u2019une des projections du d\u00eener-causerie organis\u00e9 la semaine derni\u00e8re par le Centre national pour la v\u00e9rit\u00e9 et la r\u00e9conciliation, ou que vous pourrez participer \u00e0 latable ronde comm\u00e9morative de demain, soiten personne sur le campus Keele, soit en regardant la diffusion en direct avec d\u2019autres personnes sur les campus Glendon ou Markham ou solo (<a href=\"https:\/\/president.apps01.yorku.ca\/forms\/view.php?id=394233\" target=\"_blank\" rel=\"noreferrer noopener\">d\u00e9tails et inscription<\/a>).<\/p>\n\n\n\n<p>Nous demandons \u00e0 chacun et chacune d\u2019entre vous de r\u00e9fl\u00e9chir \u00e0 l\u2019importance de cette journ\u00e9e et de prendre des mesures envers la r\u00e9conciliation, notamment en mettant l\u2019accent sur les exp\u00e9riences des survivants et survivantes, selon ce qui vous semble le plus appropri\u00e9. Le site Web de l\u2019Universit\u00e9 York <a href=\"https:\/\/www.yorku.ca\/about\/journee-nationale-de-la-verite-et-de-la-reconciliation\/?lang=fr\" target=\"_blank\" rel=\"noreferrer noopener\">Journ\u00e9e nationale de la v\u00e9rit\u00e9 et de la r\u00e9conciliation<\/a> met \u00e0 votre disposition, tout au long de l\u2019ann\u00e9e, de nombreuses ressources qui vous permettent de renforcer votre apprentissage et votre action. Nous encourageons les membres de la communaut\u00e9 \u00e0 s\u2019informer sur l\u2019h\u00e9ritage des pensionnats et sur les s\u00e9quelles des pratiques et politiques coloniales.<\/p>\n\n\n\n<p>En tant qu\u2019\u00e9tablissement d\u2019enseignement postsecondaire, nous progressons sur le long chemin de la r\u00e9conciliation. Toutefois, malgr\u00e9 nos efforts pour le parcourir avec empathie, compassion et humilit\u00e9, nous risquons de commettre des faux pas. Nous remercions toutes les personnes aupr\u00e8s desquelles nous avons beaucoup appris et qui nous ont prodigu\u00e9 des conseils, notamment gr\u00e2ce au <a href=\"https:\/\/www.yorku.ca\/indigenous-landing\/wp-content\/uploads\/sites\/817\/2025\/08\/Indigenous-Framework-for-York-University-A-Guide-to-Action.pdf\" target=\"_blank\" rel=\"noreferrer noopener\">Cadre strat\u00e9gique autochtone (2017)<\/a>, \u00e0 l\u2019<a href=\"https:\/\/www.yorku.ca\/vpepc\/indigenous-initiativesdev\/wp-content\/uploads\/sites\/950\/2024\/12\/IFR-Report-2024_EN_r4.pdf\" target=\"_blank\" rel=\"noreferrer noopener\">Examen du cadre autochtone (2024)<\/a>, \u00e0 la <a href=\"https:\/\/www.yorku.ca\/dedi-strategy\/fr\" target=\"_blank\" rel=\"noreferrer noopener\">Strat\u00e9gie de d\u00e9colonisation, d\u2019\u00e9quit\u00e9, de diversit\u00e9 et d\u2019inclusion&nbsp;2023-2028<\/a>, aux <a href=\"https:\/\/www.yorku.ca\/vpepc\/indigenous-initiativesdev\/smudging-and-pipe-ceremony\/\" target=\"_blank\" rel=\"noreferrer noopener\">Politiques et proc\u00e9dures relatives \u00e0 la c\u00e9r\u00e9monie du calumet et de la purification<\/a>, et aux initiatives mises en place \u00e0 l\u2019occasion de la Journ\u00e9e nationale de la v\u00e9rit\u00e9 et de la r\u00e9conciliation.<\/p>\n\n\n\n<p>Nous savons que cette journ\u00e9e ainsi que les \u00e9v\u00e9nements et ses messages qui y sont associ\u00e9s peuvent \u00eatre difficiles pour les membres autochtones de notre communaut\u00e9, tout particuli\u00e8rement les personnes survivantes ou celles qui ont des liens personnels ou familiaux \u00e9troits avec la r\u00e9alit\u00e9 des pensionnats. Nous encourageons tous les membres de la communaut\u00e9 \u00e0 faire preuve de respect, de compassion et de bienveillance les uns envers les autres. Les personnes survivantes et les autres personnes concern\u00e9es peuvent obtenir du soutien aupr\u00e8s de la Indian Residential Schools Survivors Society en composant le 1-800-721-0066 ou de la ligne d\u2019\u00e9coute t\u00e9l\u00e9phonique 24\u00a0heures sur 24 au 1-866-925-4419. Des ressources de soutien sont \u00e9galement disponibles pour la communaut\u00e9 de York sur le site Web <a href=\"https:\/\/www.yorku.ca\/well-being\/fr\/\" target=\"_blank\" rel=\"noreferrer noopener\">Le Bien-\u00eatre \u00e0 York<\/a>.<\/p>\n\n\n\n<p>Merci. Thank you. Miigwech.<br><br><strong>Rhonda Lenton<br>Pr\u00e9sidente et vice-chanceli\u00e8re<\/strong><\/p>\n\n\n\n<p><strong>Laina Y.&nbsp;Bay-Cheng<br>Vice-pr\u00e9sidente de l\u2019\u00e9quit\u00e9, des personnes et de la culture<\/strong><\/p>\n\n\n\n<p><strong>Audrey Rochette<br>Vice-pr\u00e9sidente adjointe aux initiatives autochtones<\/strong><a id=\"_msocom_1\"><\/a><\/p>\n","protected":false},"excerpt":{"rendered":"<p>Cela fait maintenant&nbsp;12&nbsp;ans que l\u2019activisme populaire a commenc\u00e9 avec la Journ\u00e9e du chandail orange, 5&nbsp;ans depuis la premi\u00e8re Journ\u00e9e nationale de la v\u00e9rit\u00e9 et de la r\u00e9conciliation, et 10&nbsp;ans depuis la publication du rapport final et des appels \u00e0 l\u2019action de la Commission de v\u00e9rit\u00e9 et r\u00e9conciliation (CVR). Cette ann\u00e9e, nous encourageons la communaut\u00e9 de [&hellip;]<\/p>\n","protected":false},"author":2386,"featured_media":368137,"comment_status":"closed","ping_status":"closed","sticky":false,"template":"","format":"standard","meta":{"_acf_changed":false,"_kad_blocks_custom_css":"","_kad_blocks_head_custom_js":"","_kad_blocks_body_custom_js":"","_kad_blocks_footer_custom_js":"","footnotes":""},"categories":[181],"tags":[4],"yfileauthor":[204],"qualifier":[],"yfile-author":[],"tags-to-show":[],"workflow":[],"class_list":["post-399441","post","type-post","status-publish","format-standard","has-post-thumbnail","hentry","category-francais","tag-yfile","yfileauthor-yfilestaff"],"acf":{"internal_publish_date":"20250929","original_image":null},"yoast_head":"<!-- This site is optimized with the Yoast SEO plugin v27.4 - https:\/\/yoast.com\/product\/yoast-seo-wordpress\/ -->\n<title>D\u00e9claration de l\u2019Universit\u00e9 \u00e0 l\u2019occasion de la Journ\u00e9e nationale de la v\u00e9rit\u00e9 et de la r\u00e9conciliation - YFile<\/title>\n<meta name=\"robots\" content=\"index, follow, max-snippet:-1, max-image-preview:large, max-video-preview:-1\" \/>\n<link rel=\"canonical\" href=\"https:\/\/www.yorku.ca\/yfile\/2025\/09\/26\/declaration-de-luniversite-a-loccasion-de-la-journee-nationale-de-la-verite-et-de-la-reconciliation-2\/\" \/>\n<meta property=\"og:locale\" content=\"en_US\" \/>\n<meta property=\"og:type\" content=\"article\" \/>\n<meta property=\"og:title\" content=\"D\u00e9claration de l\u2019Universit\u00e9 \u00e0 l\u2019occasion de la Journ\u00e9e nationale de la v\u00e9rit\u00e9 et de la r\u00e9conciliation - YFile\" \/>\n<meta property=\"og:description\" content=\"Cela fait maintenant&nbsp;12&nbsp;ans que l\u2019activisme populaire a commenc\u00e9 avec la Journ\u00e9e du chandail orange, 5&nbsp;ans depuis la premi\u00e8re Journ\u00e9e nationale de la v\u00e9rit\u00e9 et de la r\u00e9conciliation, et 10&nbsp;ans depuis la publication du rapport final et des appels \u00e0 l\u2019action de la Commission de v\u00e9rit\u00e9 et r\u00e9conciliation (CVR). Cette ann\u00e9e, nous encourageons la communaut\u00e9 de [&hellip;]\" \/>\n<meta property=\"og:url\" content=\"https:\/\/www.yorku.ca\/yfile\/2025\/09\/26\/declaration-de-luniversite-a-loccasion-de-la-journee-nationale-de-la-verite-et-de-la-reconciliation-2\/\" \/>\n<meta property=\"og:site_name\" content=\"YFile\" \/>\n<meta property=\"article:published_time\" content=\"2025-09-26T18:58:40+00:00\" \/>\n<meta property=\"article:modified_time\" content=\"2025-09-26T21:36:14+00:00\" \/>\n<meta property=\"og:image\" content=\"https:\/\/www.yorku.ca\/yfile\/wp-content\/uploads\/sites\/889\/2024\/09\/fire.jpg\" \/>\n\t<meta property=\"og:image:width\" content=\"1800\" \/>\n\t<meta property=\"og:image:height\" content=\"600\" \/>\n\t<meta property=\"og:image:type\" content=\"image\/jpeg\" \/>\n<meta name=\"author\" content=\"ashleygc\" \/>\n<meta name=\"twitter:card\" content=\"summary_large_image\" \/>\n<meta name=\"twitter:label1\" content=\"Written by\" \/>\n\t<meta name=\"twitter:data1\" content=\"ashleygc\" \/>\n\t<meta name=\"twitter:label2\" content=\"Est. reading time\" \/>\n\t<meta name=\"twitter:data2\" content=\"4 minutes\" \/>\n<script type=\"application\/ld+json\" class=\"yoast-schema-graph\">{\"@context\":\"https:\\\/\\\/schema.org\",\"@graph\":[{\"@type\":\"Article\",\"@id\":\"https:\\\/\\\/www.yorku.ca\\\/yfile\\\/2025\\\/09\\\/26\\\/declaration-de-luniversite-a-loccasion-de-la-journee-nationale-de-la-verite-et-de-la-reconciliation-2\\\/#article\",\"isPartOf\":{\"@id\":\"https:\\\/\\\/www.yorku.ca\\\/yfile\\\/2025\\\/09\\\/26\\\/declaration-de-luniversite-a-loccasion-de-la-journee-nationale-de-la-verite-et-de-la-reconciliation-2\\\/\"},\"author\":{\"name\":\"ashleygc\",\"@id\":\"https:\\\/\\\/www.yorku.ca\\\/yfile\\\/#\\\/schema\\\/person\\\/c31100c4bc540ab4f738557fdc4232d6\"},\"headline\":\"D\u00e9claration de l\u2019Universit\u00e9 \u00e0 l\u2019occasion de la Journ\u00e9e nationale de la v\u00e9rit\u00e9 et de la r\u00e9conciliation\",\"datePublished\":\"2025-09-26T18:58:40+00:00\",\"dateModified\":\"2025-09-26T21:36:14+00:00\",\"mainEntityOfPage\":{\"@id\":\"https:\\\/\\\/www.yorku.ca\\\/yfile\\\/2025\\\/09\\\/26\\\/declaration-de-luniversite-a-loccasion-de-la-journee-nationale-de-la-verite-et-de-la-reconciliation-2\\\/\"},\"wordCount\":774,\"image\":{\"@id\":\"https:\\\/\\\/www.yorku.ca\\\/yfile\\\/2025\\\/09\\\/26\\\/declaration-de-luniversite-a-loccasion-de-la-journee-nationale-de-la-verite-et-de-la-reconciliation-2\\\/#primaryimage\"},\"thumbnailUrl\":\"https:\\\/\\\/www.yorku.ca\\\/yfile\\\/wp-content\\\/uploads\\\/sites\\\/889\\\/2024\\\/09\\\/fire.jpg\",\"keywords\":[\"YFile\"],\"articleSection\":[\"Fran\u00e7ais\"],\"inLanguage\":\"en-CA\",\"copyrightYear\":\"2025\",\"copyrightHolder\":{\"@id\":\"https:\\\/\\\/www.yorku.ca\\\/yfile\\\/#organization\"}},{\"@type\":\"WebPage\",\"@id\":\"https:\\\/\\\/www.yorku.ca\\\/yfile\\\/2025\\\/09\\\/26\\\/declaration-de-luniversite-a-loccasion-de-la-journee-nationale-de-la-verite-et-de-la-reconciliation-2\\\/\",\"url\":\"https:\\\/\\\/www.yorku.ca\\\/yfile\\\/2025\\\/09\\\/26\\\/declaration-de-luniversite-a-loccasion-de-la-journee-nationale-de-la-verite-et-de-la-reconciliation-2\\\/\",\"name\":\"D\u00e9claration de l\u2019Universit\u00e9 \u00e0 l\u2019occasion de la Journ\u00e9e nationale de la v\u00e9rit\u00e9 et de la r\u00e9conciliation - YFile\",\"isPartOf\":{\"@id\":\"https:\\\/\\\/www.yorku.ca\\\/yfile\\\/#website\"},\"primaryImageOfPage\":{\"@id\":\"https:\\\/\\\/www.yorku.ca\\\/yfile\\\/2025\\\/09\\\/26\\\/declaration-de-luniversite-a-loccasion-de-la-journee-nationale-de-la-verite-et-de-la-reconciliation-2\\\/#primaryimage\"},\"image\":{\"@id\":\"https:\\\/\\\/www.yorku.ca\\\/yfile\\\/2025\\\/09\\\/26\\\/declaration-de-luniversite-a-loccasion-de-la-journee-nationale-de-la-verite-et-de-la-reconciliation-2\\\/#primaryimage\"},\"thumbnailUrl\":\"https:\\\/\\\/www.yorku.ca\\\/yfile\\\/wp-content\\\/uploads\\\/sites\\\/889\\\/2024\\\/09\\\/fire.jpg\",\"datePublished\":\"2025-09-26T18:58:40+00:00\",\"dateModified\":\"2025-09-26T21:36:14+00:00\",\"author\":{\"@id\":\"https:\\\/\\\/www.yorku.ca\\\/yfile\\\/#\\\/schema\\\/person\\\/c31100c4bc540ab4f738557fdc4232d6\"},\"breadcrumb\":{\"@id\":\"https:\\\/\\\/www.yorku.ca\\\/yfile\\\/2025\\\/09\\\/26\\\/declaration-de-luniversite-a-loccasion-de-la-journee-nationale-de-la-verite-et-de-la-reconciliation-2\\\/#breadcrumb\"},\"inLanguage\":\"en-CA\",\"potentialAction\":[{\"@type\":\"ReadAction\",\"target\":[\"https:\\\/\\\/www.yorku.ca\\\/yfile\\\/2025\\\/09\\\/26\\\/declaration-de-luniversite-a-loccasion-de-la-journee-nationale-de-la-verite-et-de-la-reconciliation-2\\\/\"]}]},{\"@type\":\"ImageObject\",\"inLanguage\":\"en-CA\",\"@id\":\"https:\\\/\\\/www.yorku.ca\\\/yfile\\\/2025\\\/09\\\/26\\\/declaration-de-luniversite-a-loccasion-de-la-journee-nationale-de-la-verite-et-de-la-reconciliation-2\\\/#primaryimage\",\"url\":\"https:\\\/\\\/www.yorku.ca\\\/yfile\\\/wp-content\\\/uploads\\\/sites\\\/889\\\/2024\\\/09\\\/fire.jpg\",\"contentUrl\":\"https:\\\/\\\/www.yorku.ca\\\/yfile\\\/wp-content\\\/uploads\\\/sites\\\/889\\\/2024\\\/09\\\/fire.jpg\",\"width\":1800,\"height\":600,\"caption\":\"National Day for Truth and Reconciliation\"},{\"@type\":\"BreadcrumbList\",\"@id\":\"https:\\\/\\\/www.yorku.ca\\\/yfile\\\/2025\\\/09\\\/26\\\/declaration-de-luniversite-a-loccasion-de-la-journee-nationale-de-la-verite-et-de-la-reconciliation-2\\\/#breadcrumb\",\"itemListElement\":[{\"@type\":\"ListItem\",\"position\":1,\"name\":\"Home\",\"item\":\"https:\\\/\\\/www.yorku.ca\\\/yfile\\\/\"},{\"@type\":\"ListItem\",\"position\":2,\"name\":\"D\u00e9claration de l\u2019Universit\u00e9 \u00e0 l\u2019occasion de la Journ\u00e9e nationale de la v\u00e9rit\u00e9 et de la r\u00e9conciliation\"}]},{\"@type\":\"WebSite\",\"@id\":\"https:\\\/\\\/www.yorku.ca\\\/yfile\\\/#website\",\"url\":\"https:\\\/\\\/www.yorku.ca\\\/yfile\\\/\",\"name\":\"YFile\",\"description\":\"\",\"potentialAction\":[{\"@type\":\"SearchAction\",\"target\":{\"@type\":\"EntryPoint\",\"urlTemplate\":\"https:\\\/\\\/www.yorku.ca\\\/yfile\\\/?s={search_term_string}\"},\"query-input\":{\"@type\":\"PropertyValueSpecification\",\"valueRequired\":true,\"valueName\":\"search_term_string\"}}],\"inLanguage\":\"en-CA\"},{\"@type\":\"Person\",\"@id\":\"https:\\\/\\\/www.yorku.ca\\\/yfile\\\/#\\\/schema\\\/person\\\/c31100c4bc540ab4f738557fdc4232d6\",\"name\":\"ashleygc\",\"image\":{\"@type\":\"ImageObject\",\"inLanguage\":\"en-CA\",\"@id\":\"https:\\\/\\\/secure.gravatar.com\\\/avatar\\\/29c936e1b9ea858bc3a60b4e624751572a1d0582545fc64ca5adcc2adc837d6e?s=96&d=mm&r=g\",\"url\":\"https:\\\/\\\/secure.gravatar.com\\\/avatar\\\/29c936e1b9ea858bc3a60b4e624751572a1d0582545fc64ca5adcc2adc837d6e?s=96&d=mm&r=g\",\"contentUrl\":\"https:\\\/\\\/secure.gravatar.com\\\/avatar\\\/29c936e1b9ea858bc3a60b4e624751572a1d0582545fc64ca5adcc2adc837d6e?s=96&d=mm&r=g\",\"caption\":\"ashleygc\"},\"url\":\"https:\\\/\\\/www.yorku.ca\\\/yfile\\\/author\\\/ashleygc\\\/\"}]}<\/script>\n<!-- \/ Yoast SEO plugin. -->","yoast_head_json":{"title":"D\u00e9claration de l\u2019Universit\u00e9 \u00e0 l\u2019occasion de la Journ\u00e9e nationale de la v\u00e9rit\u00e9 et de la r\u00e9conciliation - YFile","robots":{"index":"index","follow":"follow","max-snippet":"max-snippet:-1","max-image-preview":"max-image-preview:large","max-video-preview":"max-video-preview:-1"},"canonical":"https:\/\/www.yorku.ca\/yfile\/2025\/09\/26\/declaration-de-luniversite-a-loccasion-de-la-journee-nationale-de-la-verite-et-de-la-reconciliation-2\/","og_locale":"en_US","og_type":"article","og_title":"D\u00e9claration de l\u2019Universit\u00e9 \u00e0 l\u2019occasion de la Journ\u00e9e nationale de la v\u00e9rit\u00e9 et de la r\u00e9conciliation - YFile","og_description":"Cela fait maintenant&nbsp;12&nbsp;ans que l\u2019activisme populaire a commenc\u00e9 avec la Journ\u00e9e du chandail orange, 5&nbsp;ans depuis la premi\u00e8re Journ\u00e9e nationale de la v\u00e9rit\u00e9 et de la r\u00e9conciliation, et 10&nbsp;ans depuis la publication du rapport final et des appels \u00e0 l\u2019action de la Commission de v\u00e9rit\u00e9 et r\u00e9conciliation (CVR). Cette ann\u00e9e, nous encourageons la communaut\u00e9 de [&hellip;]","og_url":"https:\/\/www.yorku.ca\/yfile\/2025\/09\/26\/declaration-de-luniversite-a-loccasion-de-la-journee-nationale-de-la-verite-et-de-la-reconciliation-2\/","og_site_name":"YFile","article_published_time":"2025-09-26T18:58:40+00:00","article_modified_time":"2025-09-26T21:36:14+00:00","og_image":[{"width":1800,"height":600,"url":"https:\/\/www.yorku.ca\/yfile\/wp-content\/uploads\/sites\/889\/2024\/09\/fire.jpg","type":"image\/jpeg"}],"author":"ashleygc","twitter_card":"summary_large_image","twitter_misc":{"Written by":"ashleygc","Est. reading time":"4 minutes"},"schema":{"@context":"https:\/\/schema.org","@graph":[{"@type":"Article","@id":"https:\/\/www.yorku.ca\/yfile\/2025\/09\/26\/declaration-de-luniversite-a-loccasion-de-la-journee-nationale-de-la-verite-et-de-la-reconciliation-2\/#article","isPartOf":{"@id":"https:\/\/www.yorku.ca\/yfile\/2025\/09\/26\/declaration-de-luniversite-a-loccasion-de-la-journee-nationale-de-la-verite-et-de-la-reconciliation-2\/"},"author":{"name":"ashleygc","@id":"https:\/\/www.yorku.ca\/yfile\/#\/schema\/person\/c31100c4bc540ab4f738557fdc4232d6"},"headline":"D\u00e9claration de l\u2019Universit\u00e9 \u00e0 l\u2019occasion de la Journ\u00e9e nationale de la v\u00e9rit\u00e9 et de la r\u00e9conciliation","datePublished":"2025-09-26T18:58:40+00:00","dateModified":"2025-09-26T21:36:14+00:00","mainEntityOfPage":{"@id":"https:\/\/www.yorku.ca\/yfile\/2025\/09\/26\/declaration-de-luniversite-a-loccasion-de-la-journee-nationale-de-la-verite-et-de-la-reconciliation-2\/"},"wordCount":774,"image":{"@id":"https:\/\/www.yorku.ca\/yfile\/2025\/09\/26\/declaration-de-luniversite-a-loccasion-de-la-journee-nationale-de-la-verite-et-de-la-reconciliation-2\/#primaryimage"},"thumbnailUrl":"https:\/\/www.yorku.ca\/yfile\/wp-content\/uploads\/sites\/889\/2024\/09\/fire.jpg","keywords":["YFile"],"articleSection":["Fran\u00e7ais"],"inLanguage":"en-CA","copyrightYear":"2025","copyrightHolder":{"@id":"https:\/\/www.yorku.ca\/yfile\/#organization"}},{"@type":"WebPage","@id":"https:\/\/www.yorku.ca\/yfile\/2025\/09\/26\/declaration-de-luniversite-a-loccasion-de-la-journee-nationale-de-la-verite-et-de-la-reconciliation-2\/","url":"https:\/\/www.yorku.ca\/yfile\/2025\/09\/26\/declaration-de-luniversite-a-loccasion-de-la-journee-nationale-de-la-verite-et-de-la-reconciliation-2\/","name":"D\u00e9claration de l\u2019Universit\u00e9 \u00e0 l\u2019occasion de la Journ\u00e9e nationale de la v\u00e9rit\u00e9 et de la r\u00e9conciliation - YFile","isPartOf":{"@id":"https:\/\/www.yorku.ca\/yfile\/#website"},"primaryImageOfPage":{"@id":"https:\/\/www.yorku.ca\/yfile\/2025\/09\/26\/declaration-de-luniversite-a-loccasion-de-la-journee-nationale-de-la-verite-et-de-la-reconciliation-2\/#primaryimage"},"image":{"@id":"https:\/\/www.yorku.ca\/yfile\/2025\/09\/26\/declaration-de-luniversite-a-loccasion-de-la-journee-nationale-de-la-verite-et-de-la-reconciliation-2\/#primaryimage"},"thumbnailUrl":"https:\/\/www.yorku.ca\/yfile\/wp-content\/uploads\/sites\/889\/2024\/09\/fire.jpg","datePublished":"2025-09-26T18:58:40+00:00","dateModified":"2025-09-26T21:36:14+00:00","author":{"@id":"https:\/\/www.yorku.ca\/yfile\/#\/schema\/person\/c31100c4bc540ab4f738557fdc4232d6"},"breadcrumb":{"@id":"https:\/\/www.yorku.ca\/yfile\/2025\/09\/26\/declaration-de-luniversite-a-loccasion-de-la-journee-nationale-de-la-verite-et-de-la-reconciliation-2\/#breadcrumb"},"inLanguage":"en-CA","potentialAction":[{"@type":"ReadAction","target":["https:\/\/www.yorku.ca\/yfile\/2025\/09\/26\/declaration-de-luniversite-a-loccasion-de-la-journee-nationale-de-la-verite-et-de-la-reconciliation-2\/"]}]},{"@type":"ImageObject","inLanguage":"en-CA","@id":"https:\/\/www.yorku.ca\/yfile\/2025\/09\/26\/declaration-de-luniversite-a-loccasion-de-la-journee-nationale-de-la-verite-et-de-la-reconciliation-2\/#primaryimage","url":"https:\/\/www.yorku.ca\/yfile\/wp-content\/uploads\/sites\/889\/2024\/09\/fire.jpg","contentUrl":"https:\/\/www.yorku.ca\/yfile\/wp-content\/uploads\/sites\/889\/2024\/09\/fire.jpg","width":1800,"height":600,"caption":"National Day for Truth and Reconciliation"},{"@type":"BreadcrumbList","@id":"https:\/\/www.yorku.ca\/yfile\/2025\/09\/26\/declaration-de-luniversite-a-loccasion-de-la-journee-nationale-de-la-verite-et-de-la-reconciliation-2\/#breadcrumb","itemListElement":[{"@type":"ListItem","position":1,"name":"Home","item":"https:\/\/www.yorku.ca\/yfile\/"},{"@type":"ListItem","position":2,"name":"D\u00e9claration de l\u2019Universit\u00e9 \u00e0 l\u2019occasion de la Journ\u00e9e nationale de la v\u00e9rit\u00e9 et de la r\u00e9conciliation"}]},{"@type":"WebSite","@id":"https:\/\/www.yorku.ca\/yfile\/#website","url":"https:\/\/www.yorku.ca\/yfile\/","name":"YFile","description":"","potentialAction":[{"@type":"SearchAction","target":{"@type":"EntryPoint","urlTemplate":"https:\/\/www.yorku.ca\/yfile\/?s={search_term_string}"},"query-input":{"@type":"PropertyValueSpecification","valueRequired":true,"valueName":"search_term_string"}}],"inLanguage":"en-CA"},{"@type":"Person","@id":"https:\/\/www.yorku.ca\/yfile\/#\/schema\/person\/c31100c4bc540ab4f738557fdc4232d6","name":"ashleygc","image":{"@type":"ImageObject","inLanguage":"en-CA","@id":"https:\/\/secure.gravatar.com\/avatar\/29c936e1b9ea858bc3a60b4e624751572a1d0582545fc64ca5adcc2adc837d6e?s=96&d=mm&r=g","url":"https:\/\/secure.gravatar.com\/avatar\/29c936e1b9ea858bc3a60b4e624751572a1d0582545fc64ca5adcc2adc837d6e?s=96&d=mm&r=g","contentUrl":"https:\/\/secure.gravatar.com\/avatar\/29c936e1b9ea858bc3a60b4e624751572a1d0582545fc64ca5adcc2adc837d6e?s=96&d=mm&r=g","caption":"ashleygc"},"url":"https:\/\/www.yorku.ca\/yfile\/author\/ashleygc\/"}]}},"taxonomy_info":{"category":[{"value":181,"label":"Fran\u00e7ais"}],"post_tag":[{"value":4,"label":"YFile"}],"yfileauthor":[{"value":204,"label":"YFile Staff"}]},"featured_image_src_large":["https:\/\/www.yorku.ca\/yfile\/wp-content\/uploads\/sites\/889\/2024\/09\/fire-1024x341.jpg",1024,341,true],"author_info":{"display_name":"ashleygc","author_link":"https:\/\/www.yorku.ca\/yfile\/author\/ashleygc\/"},"comment_info":0,"category_info":[{"term_id":181,"name":"Fran\u00e7ais","slug":"francais","term_group":0,"term_taxonomy_id":181,"taxonomy":"category","description":"Institutional news and announcements in French.","parent":0,"count":88,"filter":"raw","cat_ID":181,"category_count":88,"category_description":"Institutional news and announcements in French.","cat_name":"Fran\u00e7ais","category_nicename":"francais","category_parent":0}],"tag_info":[{"term_id":4,"name":"YFile","slug":"yfile","term_group":0,"term_taxonomy_id":4,"taxonomy":"post_tag","description":"","parent":0,"count":5314,"filter":"raw"}],"_links":{"self":[{"href":"https:\/\/www.yorku.ca\/yfile\/wp-json\/wp\/v2\/posts\/399441","targetHints":{"allow":["GET"]}}],"collection":[{"href":"https:\/\/www.yorku.ca\/yfile\/wp-json\/wp\/v2\/posts"}],"about":[{"href":"https:\/\/www.yorku.ca\/yfile\/wp-json\/wp\/v2\/types\/post"}],"author":[{"embeddable":true,"href":"https:\/\/www.yorku.ca\/yfile\/wp-json\/wp\/v2\/users\/2386"}],"replies":[{"embeddable":true,"href":"https:\/\/www.yorku.ca\/yfile\/wp-json\/wp\/v2\/comments?post=399441"}],"version-history":[{"count":5,"href":"https:\/\/www.yorku.ca\/yfile\/wp-json\/wp\/v2\/posts\/399441\/revisions"}],"predecessor-version":[{"id":399660,"href":"https:\/\/www.yorku.ca\/yfile\/wp-json\/wp\/v2\/posts\/399441\/revisions\/399660"}],"wp:featuredmedia":[{"embeddable":true,"href":"https:\/\/www.yorku.ca\/yfile\/wp-json\/wp\/v2\/media\/368137"}],"wp:attachment":[{"href":"https:\/\/www.yorku.ca\/yfile\/wp-json\/wp\/v2\/media?parent=399441"}],"wp:term":[{"taxonomy":"category","embeddable":true,"href":"https:\/\/www.yorku.ca\/yfile\/wp-json\/wp\/v2\/categories?post=399441"},{"taxonomy":"post_tag","embeddable":true,"href":"https:\/\/www.yorku.ca\/yfile\/wp-json\/wp\/v2\/tags?post=399441"},{"taxonomy":"yfileauthor","embeddable":true,"href":"https:\/\/www.yorku.ca\/yfile\/wp-json\/wp\/v2\/yfileauthor?post=399441"},{"taxonomy":"qualifier","embeddable":true,"href":"https:\/\/www.yorku.ca\/yfile\/wp-json\/wp\/v2\/qualifier?post=399441"},{"taxonomy":"yfile-author","embeddable":true,"href":"https:\/\/www.yorku.ca\/yfile\/wp-json\/wp\/v2\/yfile-author?post=399441"},{"taxonomy":"tags-to-show","embeddable":true,"href":"https:\/\/www.yorku.ca\/yfile\/wp-json\/wp\/v2\/tags-to-show?post=399441"},{"taxonomy":"workflow","embeddable":true,"href":"https:\/\/www.yorku.ca\/yfile\/wp-json\/wp\/v2\/workflow?post=399441"}],"curies":[{"name":"wp","href":"https:\/\/api.w.org\/{rel}","templated":true}]}}