  {"id":402683,"date":"2026-01-07T13:59:31","date_gmt":"2026-01-07T18:59:31","guid":{"rendered":"https:\/\/www.yorku.ca\/yfile\/?p=402683"},"modified":"2026-01-07T13:59:33","modified_gmt":"2026-01-07T18:59:33","slug":"prix-2025-de-la-presidente-pour-la-reconnaissance-du-personnel-proposez-des-collegues","status":"publish","type":"post","link":"https:\/\/www.yorku.ca\/yfile\/2026\/01\/07\/prix-2025-de-la-presidente-pour-la-reconnaissance-du-personnel-proposez-des-collegues\/","title":{"rendered":"Prix 2025 de la Pr\u00e9sidente pour la reconnaissance du personnel : proposez des coll\u00e8gues"},"content":{"rendered":"\n<p>Chers coll\u00e8gues, ch\u00e8res coll\u00e8gues,&nbsp;<\/p>\n\n\n\n<p>Je suis ravie de vous annoncer le d\u00e9but des mises en nomination aux prix 2025 de la Pr\u00e9sidente pour la reconnaissance du personnel.&nbsp;<\/p>\n\n\n\n<p>Ces prix annuels r\u00e9compensent les membres du personnel de l\u2019Universit\u00e9 York qui ont fait preuve d\u2019un service, d\u2019un leadership, d\u2019une cr\u00e9ativit\u00e9 et d\u2019un d\u00e9vouement exceptionnels. Leurs contributions renforcent notre communaut\u00e9 et nous permettent de mener \u00e0 bien notre mission tout en rendant notre \u00e9tablissement plus inclusif, collaboratif et tourn\u00e9 vers l\u2019avenir. Les prix nous donnent la chance de reconna\u00eetre les efforts (souvent men\u00e9s en coulisse) de nos coll\u00e8gues qui ont eu une incidence significative et durable.&nbsp;<\/p>\n\n\n\n<p>Je vous encourage \u00e0 proposer une personne ou une \u00e9quipe dont le travail a contribu\u00e9 de mani\u00e8re significative \u00e0 la r\u00e9ussite et au bien-\u00eatre de la communaut\u00e9 de York. Les mises en nominations sont attendues pour les prix suivants :&nbsp;<\/p>\n\n\n\n<ul class=\"wp-block-list\">\n<li>Le prix Deborah Hobson de la citoyennet\u00e9 de York&nbsp;<\/li>\n\n\n\n<li>Le prix d\u2019excellence en mati\u00e8re de d\u00e9colonisation, d\u2019\u00e9quit\u00e9, de diversit\u00e9 et d\u2019inclusion (DEDI)&nbsp;<\/li>\n\n\n\n<li>Le prix Gary Brewer de leadership \u00e9mergent&nbsp;<\/li>\n\n\n\n<li>Le prix Phyllis Clark de services sur les campus&nbsp;&nbsp;<\/li>\n\n\n\n<li>Le prix de leadership de la Pr\u00e9sidente&nbsp;<\/li>\n\n\n\n<li>La m\u00e9daille Ronald Kent&nbsp;<\/li>\n\n\n\n<li>Le prix d\u2019\u00e9quipe Harriet Lewis pour l\u2019excellence du service&nbsp;&nbsp;<\/li>\n\n\n\n<li>Le prix Voix de York de la Pr\u00e9sidente&nbsp;<\/li>\n<\/ul>\n\n\n\n<p>Pour en savoir plus sur chacun de ces prix et soumettre vos mises en nomination, veuillez consulter le\u00a0site <a href=\"https:\/\/www.yorku.ca\/staffawards\/\" target=\"_blank\" rel=\"noreferrer noopener\">Web des prix de la Pr\u00e9sidente pour la reconnaissance du personne<\/a>l.\u00a0\u00a0<\/p>\n\n\n\n<p>La date limite des mises en nomination est le&nbsp;<strong>jeudi 19 f\u00e9vrier 2026<\/strong>.&nbsp;<\/p>\n\n\n\n<p>Si vous avez des questions sur les prix de la Pr\u00e9sidente pour la reconnaissance du personnel ou sur le processus de mise en nomination, veuillez envoyer un courriel \u00e0&nbsp;<a href=\"mailto:president@yorku.ca\" target=\"_blank\" rel=\"noreferrer noopener\">president@yorku.ca<\/a>.&nbsp;&nbsp;&nbsp;&nbsp;&nbsp;&nbsp;<\/p>\n\n\n\n<p>Sinc\u00e8res salutations,&nbsp;<\/p>\n\n\n\n<p><strong>Lisa Philipps<br>Pr\u00e9sidente et\u00a0vice-chanceli\u00e8re\u00a0par int\u00e9rim\u00a0<\/strong><\/p>\n","protected":false},"excerpt":{"rendered":"<p>Chers coll\u00e8gues, ch\u00e8res coll\u00e8gues,&nbsp; Je suis ravie de vous annoncer le d\u00e9but des mises en nomination aux prix 2025 de la Pr\u00e9sidente pour la reconnaissance du personnel.&nbsp; Ces prix annuels r\u00e9compensent les membres du personnel de l\u2019Universit\u00e9 York qui ont fait preuve d\u2019un service, d\u2019un leadership, d\u2019une cr\u00e9ativit\u00e9 et d\u2019un d\u00e9vouement exceptionnels. Leurs contributions renforcent [&hellip;]<\/p>\n","protected":false},"author":2386,"featured_media":373319,"comment_status":"closed","ping_status":"closed","sticky":false,"template":"","format":"standard","meta":{"_acf_changed":false,"_kad_blocks_custom_css":"","_kad_blocks_head_custom_js":"","_kad_blocks_body_custom_js":"","_kad_blocks_footer_custom_js":"","footnotes":""},"categories":[181],"tags":[4],"yfileauthor":[204],"qualifier":[],"yfile-author":[],"tags-to-show":[],"workflow":[],"class_list":["post-402683","post","type-post","status-publish","format-standard","has-post-thumbnail","hentry","category-francais","tag-yfile","yfileauthor-yfilestaff"],"acf":{"internal_publish_date":"20260108","original_image":null},"yoast_head":"<!-- This site is optimized with the Yoast SEO plugin v27.4 - https:\/\/yoast.com\/product\/yoast-seo-wordpress\/ -->\n<title>Prix 2025 de la Pr\u00e9sidente pour la reconnaissance du personnel : proposez des coll\u00e8gues - YFile<\/title>\n<meta name=\"robots\" content=\"index, follow, max-snippet:-1, max-image-preview:large, max-video-preview:-1\" \/>\n<link rel=\"canonical\" href=\"https:\/\/www.yorku.ca\/yfile\/2026\/01\/07\/prix-2025-de-la-presidente-pour-la-reconnaissance-du-personnel-proposez-des-collegues\/\" \/>\n<meta property=\"og:locale\" content=\"en_US\" \/>\n<meta property=\"og:type\" content=\"article\" \/>\n<meta property=\"og:title\" content=\"Prix 2025 de la Pr\u00e9sidente pour la reconnaissance du personnel : proposez des coll\u00e8gues - YFile\" \/>\n<meta property=\"og:description\" content=\"Chers coll\u00e8gues, ch\u00e8res coll\u00e8gues,&nbsp; Je suis ravie de vous annoncer le d\u00e9but des mises en nomination aux prix 2025 de la Pr\u00e9sidente pour la reconnaissance du personnel.&nbsp; Ces prix annuels r\u00e9compensent les membres du personnel de l\u2019Universit\u00e9 York qui ont fait preuve d\u2019un service, d\u2019un leadership, d\u2019une cr\u00e9ativit\u00e9 et d\u2019un d\u00e9vouement exceptionnels. Leurs contributions renforcent [&hellip;]\" \/>\n<meta property=\"og:url\" content=\"https:\/\/www.yorku.ca\/yfile\/2026\/01\/07\/prix-2025-de-la-presidente-pour-la-reconnaissance-du-personnel-proposez-des-collegues\/\" \/>\n<meta property=\"og:site_name\" content=\"YFile\" \/>\n<meta property=\"article:published_time\" content=\"2026-01-07T18:59:31+00:00\" \/>\n<meta property=\"article:modified_time\" content=\"2026-01-07T18:59:33+00:00\" \/>\n<meta property=\"og:image\" content=\"https:\/\/www.yorku.ca\/yfile\/wp-content\/uploads\/sites\/889\/2025\/02\/staff-students-vari-hall-scaled-e1740668408372.jpg\" \/>\n\t<meta property=\"og:image:width\" content=\"2377\" \/>\n\t<meta property=\"og:image:height\" content=\"790\" \/>\n\t<meta property=\"og:image:type\" content=\"image\/jpeg\" \/>\n<meta name=\"author\" content=\"ashleygc\" \/>\n<meta name=\"twitter:card\" content=\"summary_large_image\" \/>\n<meta name=\"twitter:label1\" content=\"Written by\" \/>\n\t<meta name=\"twitter:data1\" content=\"ashleygc\" \/>\n\t<meta name=\"twitter:label2\" content=\"Est. reading time\" \/>\n\t<meta name=\"twitter:data2\" content=\"2 minutes\" \/>\n<script type=\"application\/ld+json\" class=\"yoast-schema-graph\">{\"@context\":\"https:\\\/\\\/schema.org\",\"@graph\":[{\"@type\":\"Article\",\"@id\":\"https:\\\/\\\/www.yorku.ca\\\/yfile\\\/2026\\\/01\\\/07\\\/prix-2025-de-la-presidente-pour-la-reconnaissance-du-personnel-proposez-des-collegues\\\/#article\",\"isPartOf\":{\"@id\":\"https:\\\/\\\/www.yorku.ca\\\/yfile\\\/2026\\\/01\\\/07\\\/prix-2025-de-la-presidente-pour-la-reconnaissance-du-personnel-proposez-des-collegues\\\/\"},\"author\":{\"name\":\"ashleygc\",\"@id\":\"https:\\\/\\\/www.yorku.ca\\\/yfile\\\/#\\\/schema\\\/person\\\/c31100c4bc540ab4f738557fdc4232d6\"},\"headline\":\"Prix 2025 de la Pr\u00e9sidente pour la reconnaissance du personnel : proposez des coll\u00e8gues\",\"datePublished\":\"2026-01-07T18:59:31+00:00\",\"dateModified\":\"2026-01-07T18:59:33+00:00\",\"mainEntityOfPage\":{\"@id\":\"https:\\\/\\\/www.yorku.ca\\\/yfile\\\/2026\\\/01\\\/07\\\/prix-2025-de-la-presidente-pour-la-reconnaissance-du-personnel-proposez-des-collegues\\\/\"},\"wordCount\":359,\"image\":{\"@id\":\"https:\\\/\\\/www.yorku.ca\\\/yfile\\\/2026\\\/01\\\/07\\\/prix-2025-de-la-presidente-pour-la-reconnaissance-du-personnel-proposez-des-collegues\\\/#primaryimage\"},\"thumbnailUrl\":\"https:\\\/\\\/www.yorku.ca\\\/yfile\\\/wp-content\\\/uploads\\\/sites\\\/889\\\/2025\\\/02\\\/staff-students-vari-hall-scaled-e1740668408372.jpg\",\"keywords\":[\"YFile\"],\"articleSection\":[\"Fran\u00e7ais\"],\"inLanguage\":\"en-CA\",\"copyrightYear\":\"2026\",\"copyrightHolder\":{\"@id\":\"https:\\\/\\\/www.yorku.ca\\\/yfile\\\/#organization\"}},{\"@type\":\"WebPage\",\"@id\":\"https:\\\/\\\/www.yorku.ca\\\/yfile\\\/2026\\\/01\\\/07\\\/prix-2025-de-la-presidente-pour-la-reconnaissance-du-personnel-proposez-des-collegues\\\/\",\"url\":\"https:\\\/\\\/www.yorku.ca\\\/yfile\\\/2026\\\/01\\\/07\\\/prix-2025-de-la-presidente-pour-la-reconnaissance-du-personnel-proposez-des-collegues\\\/\",\"name\":\"Prix 2025 de la Pr\u00e9sidente pour la reconnaissance du personnel : proposez des coll\u00e8gues - YFile\",\"isPartOf\":{\"@id\":\"https:\\\/\\\/www.yorku.ca\\\/yfile\\\/#website\"},\"primaryImageOfPage\":{\"@id\":\"https:\\\/\\\/www.yorku.ca\\\/yfile\\\/2026\\\/01\\\/07\\\/prix-2025-de-la-presidente-pour-la-reconnaissance-du-personnel-proposez-des-collegues\\\/#primaryimage\"},\"image\":{\"@id\":\"https:\\\/\\\/www.yorku.ca\\\/yfile\\\/2026\\\/01\\\/07\\\/prix-2025-de-la-presidente-pour-la-reconnaissance-du-personnel-proposez-des-collegues\\\/#primaryimage\"},\"thumbnailUrl\":\"https:\\\/\\\/www.yorku.ca\\\/yfile\\\/wp-content\\\/uploads\\\/sites\\\/889\\\/2025\\\/02\\\/staff-students-vari-hall-scaled-e1740668408372.jpg\",\"datePublished\":\"2026-01-07T18:59:31+00:00\",\"dateModified\":\"2026-01-07T18:59:33+00:00\",\"author\":{\"@id\":\"https:\\\/\\\/www.yorku.ca\\\/yfile\\\/#\\\/schema\\\/person\\\/c31100c4bc540ab4f738557fdc4232d6\"},\"breadcrumb\":{\"@id\":\"https:\\\/\\\/www.yorku.ca\\\/yfile\\\/2026\\\/01\\\/07\\\/prix-2025-de-la-presidente-pour-la-reconnaissance-du-personnel-proposez-des-collegues\\\/#breadcrumb\"},\"inLanguage\":\"en-CA\",\"potentialAction\":[{\"@type\":\"ReadAction\",\"target\":[\"https:\\\/\\\/www.yorku.ca\\\/yfile\\\/2026\\\/01\\\/07\\\/prix-2025-de-la-presidente-pour-la-reconnaissance-du-personnel-proposez-des-collegues\\\/\"]}]},{\"@type\":\"ImageObject\",\"inLanguage\":\"en-CA\",\"@id\":\"https:\\\/\\\/www.yorku.ca\\\/yfile\\\/2026\\\/01\\\/07\\\/prix-2025-de-la-presidente-pour-la-reconnaissance-du-personnel-proposez-des-collegues\\\/#primaryimage\",\"url\":\"https:\\\/\\\/www.yorku.ca\\\/yfile\\\/wp-content\\\/uploads\\\/sites\\\/889\\\/2025\\\/02\\\/staff-students-vari-hall-scaled-e1740668408372.jpg\",\"contentUrl\":\"https:\\\/\\\/www.yorku.ca\\\/yfile\\\/wp-content\\\/uploads\\\/sites\\\/889\\\/2025\\\/02\\\/staff-students-vari-hall-scaled-e1740668408372.jpg\",\"width\":2377,\"height\":790,\"caption\":\"staff and students in vari hall\"},{\"@type\":\"BreadcrumbList\",\"@id\":\"https:\\\/\\\/www.yorku.ca\\\/yfile\\\/2026\\\/01\\\/07\\\/prix-2025-de-la-presidente-pour-la-reconnaissance-du-personnel-proposez-des-collegues\\\/#breadcrumb\",\"itemListElement\":[{\"@type\":\"ListItem\",\"position\":1,\"name\":\"Home\",\"item\":\"https:\\\/\\\/www.yorku.ca\\\/yfile\\\/\"},{\"@type\":\"ListItem\",\"position\":2,\"name\":\"Prix 2025 de la Pr\u00e9sidente pour la reconnaissance du personnel : proposez des coll\u00e8gues\"}]},{\"@type\":\"WebSite\",\"@id\":\"https:\\\/\\\/www.yorku.ca\\\/yfile\\\/#website\",\"url\":\"https:\\\/\\\/www.yorku.ca\\\/yfile\\\/\",\"name\":\"YFile\",\"description\":\"\",\"potentialAction\":[{\"@type\":\"SearchAction\",\"target\":{\"@type\":\"EntryPoint\",\"urlTemplate\":\"https:\\\/\\\/www.yorku.ca\\\/yfile\\\/?s={search_term_string}\"},\"query-input\":{\"@type\":\"PropertyValueSpecification\",\"valueRequired\":true,\"valueName\":\"search_term_string\"}}],\"inLanguage\":\"en-CA\"},{\"@type\":\"Person\",\"@id\":\"https:\\\/\\\/www.yorku.ca\\\/yfile\\\/#\\\/schema\\\/person\\\/c31100c4bc540ab4f738557fdc4232d6\",\"name\":\"ashleygc\",\"image\":{\"@type\":\"ImageObject\",\"inLanguage\":\"en-CA\",\"@id\":\"https:\\\/\\\/secure.gravatar.com\\\/avatar\\\/29c936e1b9ea858bc3a60b4e624751572a1d0582545fc64ca5adcc2adc837d6e?s=96&d=mm&r=g\",\"url\":\"https:\\\/\\\/secure.gravatar.com\\\/avatar\\\/29c936e1b9ea858bc3a60b4e624751572a1d0582545fc64ca5adcc2adc837d6e?s=96&d=mm&r=g\",\"contentUrl\":\"https:\\\/\\\/secure.gravatar.com\\\/avatar\\\/29c936e1b9ea858bc3a60b4e624751572a1d0582545fc64ca5adcc2adc837d6e?s=96&d=mm&r=g\",\"caption\":\"ashleygc\"},\"url\":\"https:\\\/\\\/www.yorku.ca\\\/yfile\\\/author\\\/ashleygc\\\/\"}]}<\/script>\n<!-- \/ Yoast SEO plugin. -->","yoast_head_json":{"title":"Prix 2025 de la Pr\u00e9sidente pour la reconnaissance du personnel : proposez des coll\u00e8gues - YFile","robots":{"index":"index","follow":"follow","max-snippet":"max-snippet:-1","max-image-preview":"max-image-preview:large","max-video-preview":"max-video-preview:-1"},"canonical":"https:\/\/www.yorku.ca\/yfile\/2026\/01\/07\/prix-2025-de-la-presidente-pour-la-reconnaissance-du-personnel-proposez-des-collegues\/","og_locale":"en_US","og_type":"article","og_title":"Prix 2025 de la Pr\u00e9sidente pour la reconnaissance du personnel : proposez des coll\u00e8gues - YFile","og_description":"Chers coll\u00e8gues, ch\u00e8res coll\u00e8gues,&nbsp; Je suis ravie de vous annoncer le d\u00e9but des mises en nomination aux prix 2025 de la Pr\u00e9sidente pour la reconnaissance du personnel.&nbsp; Ces prix annuels r\u00e9compensent les membres du personnel de l\u2019Universit\u00e9 York qui ont fait preuve d\u2019un service, d\u2019un leadership, d\u2019une cr\u00e9ativit\u00e9 et d\u2019un d\u00e9vouement exceptionnels. Leurs contributions renforcent [&hellip;]","og_url":"https:\/\/www.yorku.ca\/yfile\/2026\/01\/07\/prix-2025-de-la-presidente-pour-la-reconnaissance-du-personnel-proposez-des-collegues\/","og_site_name":"YFile","article_published_time":"2026-01-07T18:59:31+00:00","article_modified_time":"2026-01-07T18:59:33+00:00","og_image":[{"width":2377,"height":790,"url":"https:\/\/www.yorku.ca\/yfile\/wp-content\/uploads\/sites\/889\/2025\/02\/staff-students-vari-hall-scaled-e1740668408372.jpg","type":"image\/jpeg"}],"author":"ashleygc","twitter_card":"summary_large_image","twitter_misc":{"Written by":"ashleygc","Est. reading time":"2 minutes"},"schema":{"@context":"https:\/\/schema.org","@graph":[{"@type":"Article","@id":"https:\/\/www.yorku.ca\/yfile\/2026\/01\/07\/prix-2025-de-la-presidente-pour-la-reconnaissance-du-personnel-proposez-des-collegues\/#article","isPartOf":{"@id":"https:\/\/www.yorku.ca\/yfile\/2026\/01\/07\/prix-2025-de-la-presidente-pour-la-reconnaissance-du-personnel-proposez-des-collegues\/"},"author":{"name":"ashleygc","@id":"https:\/\/www.yorku.ca\/yfile\/#\/schema\/person\/c31100c4bc540ab4f738557fdc4232d6"},"headline":"Prix 2025 de la Pr\u00e9sidente pour la reconnaissance du personnel : proposez des coll\u00e8gues","datePublished":"2026-01-07T18:59:31+00:00","dateModified":"2026-01-07T18:59:33+00:00","mainEntityOfPage":{"@id":"https:\/\/www.yorku.ca\/yfile\/2026\/01\/07\/prix-2025-de-la-presidente-pour-la-reconnaissance-du-personnel-proposez-des-collegues\/"},"wordCount":359,"image":{"@id":"https:\/\/www.yorku.ca\/yfile\/2026\/01\/07\/prix-2025-de-la-presidente-pour-la-reconnaissance-du-personnel-proposez-des-collegues\/#primaryimage"},"thumbnailUrl":"https:\/\/www.yorku.ca\/yfile\/wp-content\/uploads\/sites\/889\/2025\/02\/staff-students-vari-hall-scaled-e1740668408372.jpg","keywords":["YFile"],"articleSection":["Fran\u00e7ais"],"inLanguage":"en-CA","copyrightYear":"2026","copyrightHolder":{"@id":"https:\/\/www.yorku.ca\/yfile\/#organization"}},{"@type":"WebPage","@id":"https:\/\/www.yorku.ca\/yfile\/2026\/01\/07\/prix-2025-de-la-presidente-pour-la-reconnaissance-du-personnel-proposez-des-collegues\/","url":"https:\/\/www.yorku.ca\/yfile\/2026\/01\/07\/prix-2025-de-la-presidente-pour-la-reconnaissance-du-personnel-proposez-des-collegues\/","name":"Prix 2025 de la Pr\u00e9sidente pour la reconnaissance du personnel : proposez des coll\u00e8gues - YFile","isPartOf":{"@id":"https:\/\/www.yorku.ca\/yfile\/#website"},"primaryImageOfPage":{"@id":"https:\/\/www.yorku.ca\/yfile\/2026\/01\/07\/prix-2025-de-la-presidente-pour-la-reconnaissance-du-personnel-proposez-des-collegues\/#primaryimage"},"image":{"@id":"https:\/\/www.yorku.ca\/yfile\/2026\/01\/07\/prix-2025-de-la-presidente-pour-la-reconnaissance-du-personnel-proposez-des-collegues\/#primaryimage"},"thumbnailUrl":"https:\/\/www.yorku.ca\/yfile\/wp-content\/uploads\/sites\/889\/2025\/02\/staff-students-vari-hall-scaled-e1740668408372.jpg","datePublished":"2026-01-07T18:59:31+00:00","dateModified":"2026-01-07T18:59:33+00:00","author":{"@id":"https:\/\/www.yorku.ca\/yfile\/#\/schema\/person\/c31100c4bc540ab4f738557fdc4232d6"},"breadcrumb":{"@id":"https:\/\/www.yorku.ca\/yfile\/2026\/01\/07\/prix-2025-de-la-presidente-pour-la-reconnaissance-du-personnel-proposez-des-collegues\/#breadcrumb"},"inLanguage":"en-CA","potentialAction":[{"@type":"ReadAction","target":["https:\/\/www.yorku.ca\/yfile\/2026\/01\/07\/prix-2025-de-la-presidente-pour-la-reconnaissance-du-personnel-proposez-des-collegues\/"]}]},{"@type":"ImageObject","inLanguage":"en-CA","@id":"https:\/\/www.yorku.ca\/yfile\/2026\/01\/07\/prix-2025-de-la-presidente-pour-la-reconnaissance-du-personnel-proposez-des-collegues\/#primaryimage","url":"https:\/\/www.yorku.ca\/yfile\/wp-content\/uploads\/sites\/889\/2025\/02\/staff-students-vari-hall-scaled-e1740668408372.jpg","contentUrl":"https:\/\/www.yorku.ca\/yfile\/wp-content\/uploads\/sites\/889\/2025\/02\/staff-students-vari-hall-scaled-e1740668408372.jpg","width":2377,"height":790,"caption":"staff and students in vari hall"},{"@type":"BreadcrumbList","@id":"https:\/\/www.yorku.ca\/yfile\/2026\/01\/07\/prix-2025-de-la-presidente-pour-la-reconnaissance-du-personnel-proposez-des-collegues\/#breadcrumb","itemListElement":[{"@type":"ListItem","position":1,"name":"Home","item":"https:\/\/www.yorku.ca\/yfile\/"},{"@type":"ListItem","position":2,"name":"Prix 2025 de la Pr\u00e9sidente pour la reconnaissance du personnel : proposez des coll\u00e8gues"}]},{"@type":"WebSite","@id":"https:\/\/www.yorku.ca\/yfile\/#website","url":"https:\/\/www.yorku.ca\/yfile\/","name":"YFile","description":"","potentialAction":[{"@type":"SearchAction","target":{"@type":"EntryPoint","urlTemplate":"https:\/\/www.yorku.ca\/yfile\/?s={search_term_string}"},"query-input":{"@type":"PropertyValueSpecification","valueRequired":true,"valueName":"search_term_string"}}],"inLanguage":"en-CA"},{"@type":"Person","@id":"https:\/\/www.yorku.ca\/yfile\/#\/schema\/person\/c31100c4bc540ab4f738557fdc4232d6","name":"ashleygc","image":{"@type":"ImageObject","inLanguage":"en-CA","@id":"https:\/\/secure.gravatar.com\/avatar\/29c936e1b9ea858bc3a60b4e624751572a1d0582545fc64ca5adcc2adc837d6e?s=96&d=mm&r=g","url":"https:\/\/secure.gravatar.com\/avatar\/29c936e1b9ea858bc3a60b4e624751572a1d0582545fc64ca5adcc2adc837d6e?s=96&d=mm&r=g","contentUrl":"https:\/\/secure.gravatar.com\/avatar\/29c936e1b9ea858bc3a60b4e624751572a1d0582545fc64ca5adcc2adc837d6e?s=96&d=mm&r=g","caption":"ashleygc"},"url":"https:\/\/www.yorku.ca\/yfile\/author\/ashleygc\/"}]}},"taxonomy_info":{"category":[{"value":181,"label":"Fran\u00e7ais"}],"post_tag":[{"value":4,"label":"YFile"}],"yfileauthor":[{"value":204,"label":"YFile Staff"}]},"featured_image_src_large":["https:\/\/www.yorku.ca\/yfile\/wp-content\/uploads\/sites\/889\/2025\/02\/staff-students-vari-hall-scaled-e1740668408372-1024x340.jpg",1024,340,true],"author_info":{"display_name":"ashleygc","author_link":"https:\/\/www.yorku.ca\/yfile\/author\/ashleygc\/"},"comment_info":0,"category_info":[{"term_id":181,"name":"Fran\u00e7ais","slug":"francais","term_group":0,"term_taxonomy_id":181,"taxonomy":"category","description":"Institutional news and announcements in French.","parent":0,"count":87,"filter":"raw","cat_ID":181,"category_count":87,"category_description":"Institutional news and announcements in French.","cat_name":"Fran\u00e7ais","category_nicename":"francais","category_parent":0}],"tag_info":[{"term_id":4,"name":"YFile","slug":"yfile","term_group":0,"term_taxonomy_id":4,"taxonomy":"post_tag","description":"","parent":0,"count":5305,"filter":"raw"}],"_links":{"self":[{"href":"https:\/\/www.yorku.ca\/yfile\/wp-json\/wp\/v2\/posts\/402683","targetHints":{"allow":["GET"]}}],"collection":[{"href":"https:\/\/www.yorku.ca\/yfile\/wp-json\/wp\/v2\/posts"}],"about":[{"href":"https:\/\/www.yorku.ca\/yfile\/wp-json\/wp\/v2\/types\/post"}],"author":[{"embeddable":true,"href":"https:\/\/www.yorku.ca\/yfile\/wp-json\/wp\/v2\/users\/2386"}],"replies":[{"embeddable":true,"href":"https:\/\/www.yorku.ca\/yfile\/wp-json\/wp\/v2\/comments?post=402683"}],"version-history":[{"count":6,"href":"https:\/\/www.yorku.ca\/yfile\/wp-json\/wp\/v2\/posts\/402683\/revisions"}],"predecessor-version":[{"id":402707,"href":"https:\/\/www.yorku.ca\/yfile\/wp-json\/wp\/v2\/posts\/402683\/revisions\/402707"}],"wp:featuredmedia":[{"embeddable":true,"href":"https:\/\/www.yorku.ca\/yfile\/wp-json\/wp\/v2\/media\/373319"}],"wp:attachment":[{"href":"https:\/\/www.yorku.ca\/yfile\/wp-json\/wp\/v2\/media?parent=402683"}],"wp:term":[{"taxonomy":"category","embeddable":true,"href":"https:\/\/www.yorku.ca\/yfile\/wp-json\/wp\/v2\/categories?post=402683"},{"taxonomy":"post_tag","embeddable":true,"href":"https:\/\/www.yorku.ca\/yfile\/wp-json\/wp\/v2\/tags?post=402683"},{"taxonomy":"yfileauthor","embeddable":true,"href":"https:\/\/www.yorku.ca\/yfile\/wp-json\/wp\/v2\/yfileauthor?post=402683"},{"taxonomy":"qualifier","embeddable":true,"href":"https:\/\/www.yorku.ca\/yfile\/wp-json\/wp\/v2\/qualifier?post=402683"},{"taxonomy":"yfile-author","embeddable":true,"href":"https:\/\/www.yorku.ca\/yfile\/wp-json\/wp\/v2\/yfile-author?post=402683"},{"taxonomy":"tags-to-show","embeddable":true,"href":"https:\/\/www.yorku.ca\/yfile\/wp-json\/wp\/v2\/tags-to-show?post=402683"},{"taxonomy":"workflow","embeddable":true,"href":"https:\/\/www.yorku.ca\/yfile\/wp-json\/wp\/v2\/workflow?post=402683"}],"curies":[{"name":"wp","href":"https:\/\/api.w.org\/{rel}","templated":true}]}}